{"id":14157,"date":"2019-12-17T11:39:38","date_gmt":"2019-12-17T11:39:38","guid":{"rendered":"https:\/\/jorgezanoni.com.br\/2019\/?p=14157"},"modified":"2019-12-17T11:42:48","modified_gmt":"2019-12-17T11:42:48","slug":"aniversariantes-do-dia-17-12-19","status":"publish","type":"post","link":"https:\/\/jorgezanoni.com.br\/2019\/aniversariantes-do-dia-17-12-19\/","title":{"rendered":"Aniversariantes do Dia 17\/12\/19"},"content":{"rendered":"<p>PARABENIZAMOS OS ANIVERSARIANTES DE HOJE:<\/p>\n<p><img loading=\"lazy\" decoding=\"async\" class=\"alignnone size-full wp-image-14158\" src=\"https:\/\/jorgezanoni.com.br\/2019\/wp-content\/uploads\/2019\/12\/Ana-Beatriz-Cavalcante-Amador.jpg\" alt=\"\" width=\"750\" height=\"741\" srcset=\"https:\/\/jorgezanoni.com.br\/2019\/wp-content\/uploads\/2019\/12\/Ana-Beatriz-Cavalcante-Amador.jpg 750w, https:\/\/jorgezanoni.com.br\/2019\/wp-content\/uploads\/2019\/12\/Ana-Beatriz-Cavalcante-Amador-300x296.jpg 300w, https:\/\/jorgezanoni.com.br\/2019\/wp-content\/uploads\/2019\/12\/Ana-Beatriz-Cavalcante-Amador-696x688.jpg 696w, https:\/\/jorgezanoni.com.br\/2019\/wp-content\/uploads\/2019\/12\/Ana-Beatriz-Cavalcante-Amador-425x420.jpg 425w\" sizes=\"auto, (max-width: 750px) 100vw, 750px\" \/><\/p>\n<p>Ana Beatriz Cavalcante Amador<\/p>\n<p><img loading=\"lazy\" decoding=\"async\" class=\"alignnone size-full wp-image-14159\" src=\"https:\/\/jorgezanoni.com.br\/2019\/wp-content\/uploads\/2019\/12\/Ana-Patr\u00edia-Benes-Teixeira.jpg\" alt=\"\" width=\"640\" height=\"960\" srcset=\"https:\/\/jorgezanoni.com.br\/2019\/wp-content\/uploads\/2019\/12\/Ana-Patr\u00edia-Benes-Teixeira.jpg 640w, https:\/\/jorgezanoni.com.br\/2019\/wp-content\/uploads\/2019\/12\/Ana-Patr\u00edia-Benes-Teixeira-200x300.jpg 200w, https:\/\/jorgezanoni.com.br\/2019\/wp-content\/uploads\/2019\/12\/Ana-Patr\u00edia-Benes-Teixeira-280x420.jpg 280w\" sizes=\"auto, (max-width: 640px) 100vw, 640px\" \/><\/p>\n<p>Ana Patr\u00edcia Benes Teixeira<\/p>\n<p><img loading=\"lazy\" decoding=\"async\" class=\"alignnone size-full wp-image-14160\" src=\"https:\/\/jorgezanoni.com.br\/2019\/wp-content\/uploads\/2019\/12\/Andressa.jpg\" alt=\"\" width=\"540\" height=\"960\" srcset=\"https:\/\/jorgezanoni.com.br\/2019\/wp-content\/uploads\/2019\/12\/Andressa.jpg 540w, https:\/\/jorgezanoni.com.br\/2019\/wp-content\/uploads\/2019\/12\/Andressa-169x300.jpg 169w, https:\/\/jorgezanoni.com.br\/2019\/wp-content\/uploads\/2019\/12\/Andressa-236x420.jpg 236w\" sizes=\"auto, (max-width: 540px) 100vw, 540px\" \/><\/p>\n<p>Andressa Rodrigues<\/p>\n<p><img loading=\"lazy\" decoding=\"async\" class=\"alignnone size-full wp-image-14161\" src=\"https:\/\/jorgezanoni.com.br\/2019\/wp-content\/uploads\/2019\/12\/Aparecido-Manoel.jpg\" alt=\"\" width=\"719\" height=\"728\" srcset=\"https:\/\/jorgezanoni.com.br\/2019\/wp-content\/uploads\/2019\/12\/Aparecido-Manoel.jpg 719w, https:\/\/jorgezanoni.com.br\/2019\/wp-content\/uploads\/2019\/12\/Aparecido-Manoel-296x300.jpg 296w, https:\/\/jorgezanoni.com.br\/2019\/wp-content\/uploads\/2019\/12\/Aparecido-Manoel-696x705.jpg 696w, https:\/\/jorgezanoni.com.br\/2019\/wp-content\/uploads\/2019\/12\/Aparecido-Manoel-415x420.jpg 415w\" sizes=\"auto, (max-width: 719px) 100vw, 719px\" \/><\/p>\n<p>Aparecido Manoel<\/p>\n<p><img loading=\"lazy\" decoding=\"async\" class=\"alignnone size-full wp-image-14162\" src=\"https:\/\/jorgezanoni.com.br\/2019\/wp-content\/uploads\/2019\/12\/H\u00e9lio-Jos\u00e9-Oliveira.jpg\" alt=\"\" width=\"720\" height=\"720\" srcset=\"https:\/\/jorgezanoni.com.br\/2019\/wp-content\/uploads\/2019\/12\/H\u00e9lio-Jos\u00e9-Oliveira.jpg 720w, https:\/\/jorgezanoni.com.br\/2019\/wp-content\/uploads\/2019\/12\/H\u00e9lio-Jos\u00e9-Oliveira-150x150.jpg 150w, https:\/\/jorgezanoni.com.br\/2019\/wp-content\/uploads\/2019\/12\/H\u00e9lio-Jos\u00e9-Oliveira-300x300.jpg 300w, https:\/\/jorgezanoni.com.br\/2019\/wp-content\/uploads\/2019\/12\/H\u00e9lio-Jos\u00e9-Oliveira-696x696.jpg 696w, https:\/\/jorgezanoni.com.br\/2019\/wp-content\/uploads\/2019\/12\/H\u00e9lio-Jos\u00e9-Oliveira-420x420.jpg 420w\" sizes=\"auto, (max-width: 720px) 100vw, 720px\" \/><\/p>\n<p>Helio Jos\u00e9 Oliveira<\/p>\n<p><img loading=\"lazy\" decoding=\"async\" class=\"alignnone size-full wp-image-14163\" src=\"https:\/\/jorgezanoni.com.br\/2019\/wp-content\/uploads\/2019\/12\/Juliana-Pereira-Guanais-Fernandes.jpg\" alt=\"\" width=\"960\" height=\"720\" srcset=\"https:\/\/jorgezanoni.com.br\/2019\/wp-content\/uploads\/2019\/12\/Juliana-Pereira-Guanais-Fernandes.jpg 960w, https:\/\/jorgezanoni.com.br\/2019\/wp-content\/uploads\/2019\/12\/Juliana-Pereira-Guanais-Fernandes-300x225.jpg 300w, https:\/\/jorgezanoni.com.br\/2019\/wp-content\/uploads\/2019\/12\/Juliana-Pereira-Guanais-Fernandes-768x576.jpg 768w, https:\/\/jorgezanoni.com.br\/2019\/wp-content\/uploads\/2019\/12\/Juliana-Pereira-Guanais-Fernandes-80x60.jpg 80w, https:\/\/jorgezanoni.com.br\/2019\/wp-content\/uploads\/2019\/12\/Juliana-Pereira-Guanais-Fernandes-265x198.jpg 265w, https:\/\/jorgezanoni.com.br\/2019\/wp-content\/uploads\/2019\/12\/Juliana-Pereira-Guanais-Fernandes-696x522.jpg 696w, https:\/\/jorgezanoni.com.br\/2019\/wp-content\/uploads\/2019\/12\/Juliana-Pereira-Guanais-Fernandes-560x420.jpg 560w\" sizes=\"auto, (max-width: 960px) 100vw, 960px\" \/><\/p>\n<p>Juliana Pereira Gunais Fernandes<\/p>\n<p><img loading=\"lazy\" decoding=\"async\" class=\"alignnone size-full wp-image-14164\" src=\"https:\/\/jorgezanoni.com.br\/2019\/wp-content\/uploads\/2019\/12\/Juliana-Schimidt-Fran\u00e7oso.jpg\" alt=\"\" width=\"960\" height=\"960\" srcset=\"https:\/\/jorgezanoni.com.br\/2019\/wp-content\/uploads\/2019\/12\/Juliana-Schimidt-Fran\u00e7oso.jpg 960w, https:\/\/jorgezanoni.com.br\/2019\/wp-content\/uploads\/2019\/12\/Juliana-Schimidt-Fran\u00e7oso-150x150.jpg 150w, https:\/\/jorgezanoni.com.br\/2019\/wp-content\/uploads\/2019\/12\/Juliana-Schimidt-Fran\u00e7oso-300x300.jpg 300w, https:\/\/jorgezanoni.com.br\/2019\/wp-content\/uploads\/2019\/12\/Juliana-Schimidt-Fran\u00e7oso-768x768.jpg 768w, https:\/\/jorgezanoni.com.br\/2019\/wp-content\/uploads\/2019\/12\/Juliana-Schimidt-Fran\u00e7oso-696x696.jpg 696w, https:\/\/jorgezanoni.com.br\/2019\/wp-content\/uploads\/2019\/12\/Juliana-Schimidt-Fran\u00e7oso-420x420.jpg 420w\" sizes=\"auto, (max-width: 960px) 100vw, 960px\" \/><\/p>\n<p>Juliana Schimidt Fran\u00e7oso<\/p>\n<p><img loading=\"lazy\" decoding=\"async\" class=\"alignnone size-full wp-image-14165\" src=\"https:\/\/jorgezanoni.com.br\/2019\/wp-content\/uploads\/2019\/12\/Neiva-Pangoni.jpg\" alt=\"\" width=\"640\" height=\"638\" srcset=\"https:\/\/jorgezanoni.com.br\/2019\/wp-content\/uploads\/2019\/12\/Neiva-Pangoni.jpg 640w, https:\/\/jorgezanoni.com.br\/2019\/wp-content\/uploads\/2019\/12\/Neiva-Pangoni-150x150.jpg 150w, https:\/\/jorgezanoni.com.br\/2019\/wp-content\/uploads\/2019\/12\/Neiva-Pangoni-300x300.jpg 300w, https:\/\/jorgezanoni.com.br\/2019\/wp-content\/uploads\/2019\/12\/Neiva-Pangoni-421x420.jpg 421w\" sizes=\"auto, (max-width: 640px) 100vw, 640px\" \/><\/p>\n<p>Neiva Pangoni<\/p>\n<p><img loading=\"lazy\" decoding=\"async\" class=\"alignnone size-full wp-image-14166\" src=\"https:\/\/jorgezanoni.com.br\/2019\/wp-content\/uploads\/2019\/12\/Ricardo-Cesar-Verona.jpg\" alt=\"\" width=\"722\" height=\"722\" srcset=\"https:\/\/jorgezanoni.com.br\/2019\/wp-content\/uploads\/2019\/12\/Ricardo-Cesar-Verona.jpg 722w, https:\/\/jorgezanoni.com.br\/2019\/wp-content\/uploads\/2019\/12\/Ricardo-Cesar-Verona-150x150.jpg 150w, https:\/\/jorgezanoni.com.br\/2019\/wp-content\/uploads\/2019\/12\/Ricardo-Cesar-Verona-300x300.jpg 300w, https:\/\/jorgezanoni.com.br\/2019\/wp-content\/uploads\/2019\/12\/Ricardo-Cesar-Verona-696x696.jpg 696w, https:\/\/jorgezanoni.com.br\/2019\/wp-content\/uploads\/2019\/12\/Ricardo-Cesar-Verona-420x420.jpg 420w\" sizes=\"auto, (max-width: 722px) 100vw, 722px\" \/><\/p>\n<p>Ricardo Cesar Verona<\/p>\n<p><img loading=\"lazy\" decoding=\"async\" class=\"alignnone size-full wp-image-14167\" src=\"https:\/\/jorgezanoni.com.br\/2019\/wp-content\/uploads\/2019\/12\/Silvio-Alves.jpg\" alt=\"\" width=\"639\" height=\"450\" srcset=\"https:\/\/jorgezanoni.com.br\/2019\/wp-content\/uploads\/2019\/12\/Silvio-Alves.jpg 639w, https:\/\/jorgezanoni.com.br\/2019\/wp-content\/uploads\/2019\/12\/Silvio-Alves-300x211.jpg 300w, https:\/\/jorgezanoni.com.br\/2019\/wp-content\/uploads\/2019\/12\/Silvio-Alves-100x70.jpg 100w, https:\/\/jorgezanoni.com.br\/2019\/wp-content\/uploads\/2019\/12\/Silvio-Alves-596x420.jpg 596w\" sizes=\"auto, (max-width: 639px) 100vw, 639px\" \/><\/p>\n<p>Silvio Alves<\/p>\n<p><img loading=\"lazy\" decoding=\"async\" class=\"alignnone size-full wp-image-14168\" src=\"https:\/\/jorgezanoni.com.br\/2019\/wp-content\/uploads\/2019\/12\/Simone-Capobianco.jpg\" alt=\"\" width=\"960\" height=\"958\" srcset=\"https:\/\/jorgezanoni.com.br\/2019\/wp-content\/uploads\/2019\/12\/Simone-Capobianco.jpg 960w, https:\/\/jorgezanoni.com.br\/2019\/wp-content\/uploads\/2019\/12\/Simone-Capobianco-150x150.jpg 150w, https:\/\/jorgezanoni.com.br\/2019\/wp-content\/uploads\/2019\/12\/Simone-Capobianco-300x300.jpg 300w, https:\/\/jorgezanoni.com.br\/2019\/wp-content\/uploads\/2019\/12\/Simone-Capobianco-768x766.jpg 768w, https:\/\/jorgezanoni.com.br\/2019\/wp-content\/uploads\/2019\/12\/Simone-Capobianco-696x695.jpg 696w, https:\/\/jorgezanoni.com.br\/2019\/wp-content\/uploads\/2019\/12\/Simone-Capobianco-421x420.jpg 421w\" sizes=\"auto, (max-width: 960px) 100vw, 960px\" \/><\/p>\n<p>Simone Capobianco<\/p>\n<p><img loading=\"lazy\" decoding=\"async\" class=\"alignnone size-full wp-image-14169\" src=\"https:\/\/jorgezanoni.com.br\/2019\/wp-content\/uploads\/2019\/12\/Stefania-Chiari.jpg\" alt=\"\" width=\"720\" height=\"720\" srcset=\"https:\/\/jorgezanoni.com.br\/2019\/wp-content\/uploads\/2019\/12\/Stefania-Chiari.jpg 720w, https:\/\/jorgezanoni.com.br\/2019\/wp-content\/uploads\/2019\/12\/Stefania-Chiari-150x150.jpg 150w, https:\/\/jorgezanoni.com.br\/2019\/wp-content\/uploads\/2019\/12\/Stefania-Chiari-300x300.jpg 300w, https:\/\/jorgezanoni.com.br\/2019\/wp-content\/uploads\/2019\/12\/Stefania-Chiari-696x696.jpg 696w, https:\/\/jorgezanoni.com.br\/2019\/wp-content\/uploads\/2019\/12\/Stefania-Chiari-420x420.jpg 420w\" sizes=\"auto, (max-width: 720px) 100vw, 720px\" \/><\/p>\n<p>Stefania Chiaria<\/p>\n","protected":false},"excerpt":{"rendered":"<p>PARABENIZAMOS OS ANIVERSARIANTES DE HOJE: Ana Beatriz Cavalcante Amador Ana Patr\u00edcia Benes Teixeira Andressa Rodrigues Aparecido Manoel Helio Jos\u00e9 Oliveira Juliana Pereira Gunais Fernandes Juliana Schimidt Fran\u00e7oso Neiva Pangoni Ricardo Cesar Verona Silvio Alves Simone Capobianco Stefania Chiaria<\/p>\n","protected":false},"author":1,"featured_media":14158,"comment_status":"closed","ping_status":"open","sticky":false,"template":"","format":"standard","meta":{"footnotes":""},"categories":[174],"tags":[],"class_list":["post-14157","post","type-post","status-publish","format-standard","has-post-thumbnail","hentry","category-aniversariantes"],"_links":{"self":[{"href":"https:\/\/jorgezanoni.com.br\/2019\/wp-json\/wp\/v2\/posts\/14157","targetHints":{"allow":["GET"]}}],"collection":[{"href":"https:\/\/jorgezanoni.com.br\/2019\/wp-json\/wp\/v2\/posts"}],"about":[{"href":"https:\/\/jorgezanoni.com.br\/2019\/wp-json\/wp\/v2\/types\/post"}],"author":[{"embeddable":true,"href":"https:\/\/jorgezanoni.com.br\/2019\/wp-json\/wp\/v2\/users\/1"}],"replies":[{"embeddable":true,"href":"https:\/\/jorgezanoni.com.br\/2019\/wp-json\/wp\/v2\/comments?post=14157"}],"version-history":[{"count":0,"href":"https:\/\/jorgezanoni.com.br\/2019\/wp-json\/wp\/v2\/posts\/14157\/revisions"}],"wp:featuredmedia":[{"embeddable":true,"href":"https:\/\/jorgezanoni.com.br\/2019\/wp-json\/wp\/v2\/media\/14158"}],"wp:attachment":[{"href":"https:\/\/jorgezanoni.com.br\/2019\/wp-json\/wp\/v2\/media?parent=14157"}],"wp:term":[{"taxonomy":"category","embeddable":true,"href":"https:\/\/jorgezanoni.com.br\/2019\/wp-json\/wp\/v2\/categories?post=14157"},{"taxonomy":"post_tag","embeddable":true,"href":"https:\/\/jorgezanoni.com.br\/2019\/wp-json\/wp\/v2\/tags?post=14157"}],"curies":[{"name":"wp","href":"https:\/\/api.w.org\/{rel}","templated":true}]}}