{"id":14129,"date":"2019-12-17T01:59:53","date_gmt":"2019-12-17T01:59:53","guid":{"rendered":"https:\/\/jorgezanoni.com.br\/2019\/?p=14129"},"modified":"2019-12-17T01:59:53","modified_gmt":"2019-12-17T01:59:53","slug":"chuva-forte-derruba-ponte-e-volta-a-interditar-anel-viario-em-nova-andradina","status":"publish","type":"post","link":"https:\/\/jorgezanoni.com.br\/2019\/chuva-forte-derruba-ponte-e-volta-a-interditar-anel-viario-em-nova-andradina\/","title":{"rendered":"Chuva forte derruba ponte e volta a interditar anel vi\u00e1rio em Nova Andradina"},"content":{"rendered":"<p><strong>Um caminh\u00e3o que passava pelo local por pouco n\u00e3o caiu na cratera.<\/strong><\/p>\n<p><strong><img loading=\"lazy\" decoding=\"async\" class=\"alignnone size-full wp-image-14130\" src=\"https:\/\/jorgezanoni.com.br\/2019\/wp-content\/uploads\/2019\/12\/ponte.jpg\" alt=\"\" width=\"900\" height=\"598\" srcset=\"https:\/\/jorgezanoni.com.br\/2019\/wp-content\/uploads\/2019\/12\/ponte.jpg 900w, https:\/\/jorgezanoni.com.br\/2019\/wp-content\/uploads\/2019\/12\/ponte-300x199.jpg 300w, https:\/\/jorgezanoni.com.br\/2019\/wp-content\/uploads\/2019\/12\/ponte-768x510.jpg 768w, https:\/\/jorgezanoni.com.br\/2019\/wp-content\/uploads\/2019\/12\/ponte-696x462.jpg 696w, https:\/\/jorgezanoni.com.br\/2019\/wp-content\/uploads\/2019\/12\/ponte-632x420.jpg 632w\" sizes=\"auto, (max-width: 900px) 100vw, 900px\" \/><\/strong><\/p>\n<p>Fotos: M\u00e1rcio Rog\u00e9rio\/Nova News<\/p>\n<div class=\"cb-content\">\n<div class=\"cb-text medium-editor-element\">\n<p><span class=\"cb-justified-justify\">A ponte de uma das al\u00e7as do anel vi\u00e1rio que desafoga o tr\u00e2nsito de caminh\u00f5es do centro de Nova Andradina, caiu no in\u00edcio da noite desta segunda-feira (16) por volta das 19h. O trecho que ficou interditado compreende a liga\u00e7\u00e3o da rodovia MS-134 at\u00e9 a rodovia MS-473, aos fundos do frigor\u00edfico Naturafrig, na sa\u00edda para o munic\u00edpio de Ivinhema e Taquarussu.<\/span><\/p>\n<p><span class=\"cb-justified-justify\">A al\u00e7a do anel vi\u00e1rio foi inaugurada em junho de 2018 e j\u00e1 havia sido interditada em fevereiro de 2015, quando uma forte chuva destruiu o mesmo trecho.<\/span><\/p>\n<p><span class=\"cb-justified-justify\">No local foi constru\u00edda uma nova ponte que foi levada novamente. A obra, j\u00e1 era motivo de questionamento por moradores que usam o anel vi\u00e1rio. Recentemente, o fato foi abordado por reportagem do Nova News e at\u00e9 mesmo pela popula\u00e7\u00e3o nas redes sociais.<\/span><\/p>\n<p><span class=\"cb-justified-justify\">No acidente desta segunda-feira (16), n\u00e3o houve feridos, apenas preju\u00edzos materiais no caminh\u00e3o, que teve toda suspens\u00e3o danificada.<\/span><\/p>\n<p><span class=\"cb-justified-justify\">A reportagem apurou que a referida ponte foi constru\u00edda pelo munic\u00edpio atrav\u00e9s de recurso oriundo do Minist\u00e9rio da Integra\u00e7\u00e3o Nacional, dinheiro este viabilizado na \u00e9poca pelo ex-senador, Valdemir Moka.<\/span><\/p>\n<p><img loading=\"lazy\" decoding=\"async\" class=\"alignnone size-full wp-image-14132\" src=\"https:\/\/jorgezanoni.com.br\/2019\/wp-content\/uploads\/2019\/12\/ponte1-1.jpg\" alt=\"\" width=\"900\" height=\"598\" srcset=\"https:\/\/jorgezanoni.com.br\/2019\/wp-content\/uploads\/2019\/12\/ponte1-1.jpg 900w, https:\/\/jorgezanoni.com.br\/2019\/wp-content\/uploads\/2019\/12\/ponte1-1-300x199.jpg 300w, https:\/\/jorgezanoni.com.br\/2019\/wp-content\/uploads\/2019\/12\/ponte1-1-768x510.jpg 768w, https:\/\/jorgezanoni.com.br\/2019\/wp-content\/uploads\/2019\/12\/ponte1-1-696x462.jpg 696w, https:\/\/jorgezanoni.com.br\/2019\/wp-content\/uploads\/2019\/12\/ponte1-1-632x420.jpg 632w\" sizes=\"auto, (max-width: 900px) 100vw, 900px\" \/> <img loading=\"lazy\" decoding=\"async\" class=\"alignnone size-full wp-image-14133\" src=\"https:\/\/jorgezanoni.com.br\/2019\/wp-content\/uploads\/2019\/12\/ponte3.jpg\" alt=\"\" width=\"900\" height=\"598\" srcset=\"https:\/\/jorgezanoni.com.br\/2019\/wp-content\/uploads\/2019\/12\/ponte3.jpg 900w, https:\/\/jorgezanoni.com.br\/2019\/wp-content\/uploads\/2019\/12\/ponte3-300x199.jpg 300w, https:\/\/jorgezanoni.com.br\/2019\/wp-content\/uploads\/2019\/12\/ponte3-768x510.jpg 768w, https:\/\/jorgezanoni.com.br\/2019\/wp-content\/uploads\/2019\/12\/ponte3-696x462.jpg 696w, https:\/\/jorgezanoni.com.br\/2019\/wp-content\/uploads\/2019\/12\/ponte3-632x420.jpg 632w\" sizes=\"auto, (max-width: 900px) 100vw, 900px\" \/> <img loading=\"lazy\" decoding=\"async\" class=\"alignnone size-full wp-image-14134\" src=\"https:\/\/jorgezanoni.com.br\/2019\/wp-content\/uploads\/2019\/12\/ponte4.jpg\" alt=\"\" width=\"900\" height=\"598\" srcset=\"https:\/\/jorgezanoni.com.br\/2019\/wp-content\/uploads\/2019\/12\/ponte4.jpg 900w, https:\/\/jorgezanoni.com.br\/2019\/wp-content\/uploads\/2019\/12\/ponte4-300x199.jpg 300w, https:\/\/jorgezanoni.com.br\/2019\/wp-content\/uploads\/2019\/12\/ponte4-768x510.jpg 768w, https:\/\/jorgezanoni.com.br\/2019\/wp-content\/uploads\/2019\/12\/ponte4-696x462.jpg 696w, https:\/\/jorgezanoni.com.br\/2019\/wp-content\/uploads\/2019\/12\/ponte4-632x420.jpg 632w\" sizes=\"auto, (max-width: 900px) 100vw, 900px\" \/><\/p>\n<div style=\"width: 696px;\" class=\"wp-video\"><video class=\"wp-video-shortcode\" id=\"video-14129-1\" width=\"696\" height=\"387\" preload=\"metadata\" controls=\"controls\"><source type=\"video\/mp4\" src=\"https:\/\/jorgezanoni.com.br\/2019\/wp-content\/uploads\/2019\/12\/WhatsApp-Video-2019-12-16-at-22.47.22.mp4?_=1\" \/><a href=\"https:\/\/jorgezanoni.com.br\/2019\/wp-content\/uploads\/2019\/12\/WhatsApp-Video-2019-12-16-at-22.47.22.mp4\">https:\/\/jorgezanoni.com.br\/2019\/wp-content\/uploads\/2019\/12\/WhatsApp-Video-2019-12-16-at-22.47.22.mp4<\/a><\/video><\/div>\n<p>Fonte: https:\/\/www.novanews.com.br\/<\/p>\n<p>&nbsp;<\/p>\n<\/div>\n<\/div>\n<p>&nbsp;<\/p>\n","protected":false},"excerpt":{"rendered":"<p>Um caminh\u00e3o que passava pelo local por pouco n\u00e3o caiu na cratera. Fotos: M\u00e1rcio Rog\u00e9rio\/Nova News A ponte de uma das al\u00e7as do anel vi\u00e1rio que desafoga o tr\u00e2nsito de caminh\u00f5es do centro de Nova Andradina, caiu no in\u00edcio da noite desta segunda-feira (16) por volta das 19h. O trecho que ficou interditado compreende a [&hellip;]<\/p>\n","protected":false},"author":1,"featured_media":14130,"comment_status":"closed","ping_status":"open","sticky":false,"template":"","format":"video","meta":{"footnotes":""},"categories":[169],"tags":[],"class_list":["post-14129","post","type-post","status-publish","format-video","has-post-thumbnail","hentry","category-videos","post_format-post-format-video"],"_links":{"self":[{"href":"https:\/\/jorgezanoni.com.br\/2019\/wp-json\/wp\/v2\/posts\/14129","targetHints":{"allow":["GET"]}}],"collection":[{"href":"https:\/\/jorgezanoni.com.br\/2019\/wp-json\/wp\/v2\/posts"}],"about":[{"href":"https:\/\/jorgezanoni.com.br\/2019\/wp-json\/wp\/v2\/types\/post"}],"author":[{"embeddable":true,"href":"https:\/\/jorgezanoni.com.br\/2019\/wp-json\/wp\/v2\/users\/1"}],"replies":[{"embeddable":true,"href":"https:\/\/jorgezanoni.com.br\/2019\/wp-json\/wp\/v2\/comments?post=14129"}],"version-history":[{"count":0,"href":"https:\/\/jorgezanoni.com.br\/2019\/wp-json\/wp\/v2\/posts\/14129\/revisions"}],"wp:featuredmedia":[{"embeddable":true,"href":"https:\/\/jorgezanoni.com.br\/2019\/wp-json\/wp\/v2\/media\/14130"}],"wp:attachment":[{"href":"https:\/\/jorgezanoni.com.br\/2019\/wp-json\/wp\/v2\/media?parent=14129"}],"wp:term":[{"taxonomy":"category","embeddable":true,"href":"https:\/\/jorgezanoni.com.br\/2019\/wp-json\/wp\/v2\/categories?post=14129"},{"taxonomy":"post_tag","embeddable":true,"href":"https:\/\/jorgezanoni.com.br\/2019\/wp-json\/wp\/v2\/tags?post=14129"}],"curies":[{"name":"wp","href":"https:\/\/api.w.org\/{rel}","templated":true}]}}