{"id":14086,"date":"2019-12-16T16:30:35","date_gmt":"2019-12-16T16:30:35","guid":{"rendered":"https:\/\/jorgezanoni.com.br\/2019\/?p=14086"},"modified":"2019-12-16T16:30:35","modified_gmt":"2019-12-16T16:30:35","slug":"casa-do-papai-noel-e-vandalizada-na-praca-arthur-pagnozzi","status":"publish","type":"post","link":"https:\/\/jorgezanoni.com.br\/2019\/casa-do-papai-noel-e-vandalizada-na-praca-arthur-pagnozzi\/","title":{"rendered":"Casa do Papai Noel \u00e9 vandalizada na Pra\u00e7a Arthur Pagnozzi"},"content":{"rendered":"<p style=\"text-align: justify;\">Na madrugada de quinta-feira (12) a Casa do Papai Noel, instalada na Pra\u00e7a Arthur Pagnozzi, foi alvo de v\u00e2ndalos que quebraram um vidro da janela lateral.<\/p>\n<p style=\"text-align: justify;\">A equipe da Secretaria de Cultura e Turismo fez a reposi\u00e7\u00e3o do vidro, assim toda a popula\u00e7\u00e3o que visitar o espa\u00e7o ver\u00e1 a casa em perfeito estado.<\/p>\n<div class=\"text_exposed_show\" style=\"text-align: justify;\">\n<p>\u201cN\u00f3s n\u00e3o vamos permitir que destruam o Natal de Dracena. A Casa do Papai Noel \u00e9 um grande s\u00edmbolo desta data, foi constru\u00edda numa parceria in\u00e9dita com a Pousada Bom Samaritano e ficou linda\u201d.<\/p>\n<p>A seguran\u00e7a no local ser\u00e1 refor\u00e7ada para evitar novos incidentes.<\/p>\n<p><img loading=\"lazy\" decoding=\"async\" class=\"alignnone size-full wp-image-14088\" src=\"https:\/\/jorgezanoni.com.br\/2019\/wp-content\/uploads\/2019\/12\/noel1-1.jpg\" alt=\"\" width=\"180\" height=\"240\" \/> <img loading=\"lazy\" decoding=\"async\" class=\"alignnone size-full wp-image-14089\" src=\"https:\/\/jorgezanoni.com.br\/2019\/wp-content\/uploads\/2019\/12\/noel2.jpg\" alt=\"\" width=\"180\" height=\"240\" \/><\/p>\n<\/div>\n<div style=\"text-align: justify;\">Fonte: Diretoria de Comunica\u00e7\u00e3o<\/div>\n","protected":false},"excerpt":{"rendered":"<p>Na madrugada de quinta-feira (12) a Casa do Papai Noel, instalada na Pra\u00e7a Arthur Pagnozzi, foi alvo de v\u00e2ndalos que quebraram um vidro da janela lateral. A equipe da Secretaria de Cultura e Turismo fez a reposi\u00e7\u00e3o do vidro, assim toda a popula\u00e7\u00e3o que visitar o espa\u00e7o ver\u00e1 a casa em perfeito estado. \u201cN\u00f3s n\u00e3o [&hellip;]<\/p>\n","protected":false},"author":1,"featured_media":14087,"comment_status":"closed","ping_status":"open","sticky":false,"template":"","format":"standard","meta":{"footnotes":""},"categories":[179,184,114],"tags":[],"class_list":["post-14086","post","type-post","status-publish","format-standard","has-post-thumbnail","hentry","category-cidadeseregiao","category-dracena","category-geralecomercio"],"_links":{"self":[{"href":"https:\/\/jorgezanoni.com.br\/2019\/wp-json\/wp\/v2\/posts\/14086","targetHints":{"allow":["GET"]}}],"collection":[{"href":"https:\/\/jorgezanoni.com.br\/2019\/wp-json\/wp\/v2\/posts"}],"about":[{"href":"https:\/\/jorgezanoni.com.br\/2019\/wp-json\/wp\/v2\/types\/post"}],"author":[{"embeddable":true,"href":"https:\/\/jorgezanoni.com.br\/2019\/wp-json\/wp\/v2\/users\/1"}],"replies":[{"embeddable":true,"href":"https:\/\/jorgezanoni.com.br\/2019\/wp-json\/wp\/v2\/comments?post=14086"}],"version-history":[{"count":0,"href":"https:\/\/jorgezanoni.com.br\/2019\/wp-json\/wp\/v2\/posts\/14086\/revisions"}],"wp:featuredmedia":[{"embeddable":true,"href":"https:\/\/jorgezanoni.com.br\/2019\/wp-json\/wp\/v2\/media\/14087"}],"wp:attachment":[{"href":"https:\/\/jorgezanoni.com.br\/2019\/wp-json\/wp\/v2\/media?parent=14086"}],"wp:term":[{"taxonomy":"category","embeddable":true,"href":"https:\/\/jorgezanoni.com.br\/2019\/wp-json\/wp\/v2\/categories?post=14086"},{"taxonomy":"post_tag","embeddable":true,"href":"https:\/\/jorgezanoni.com.br\/2019\/wp-json\/wp\/v2\/tags?post=14086"}],"curies":[{"name":"wp","href":"https:\/\/api.w.org\/{rel}","templated":true}]}}