{"id":14078,"date":"2019-12-16T13:50:35","date_gmt":"2019-12-16T13:50:35","guid":{"rendered":"https:\/\/jorgezanoni.com.br\/2019\/?p=14078"},"modified":"2019-12-16T13:50:35","modified_gmt":"2019-12-16T13:50:35","slug":"bandidos-invadem-prefeitura-de-venceslau-e-furtam-caixa-eletronico","status":"publish","type":"post","link":"https:\/\/jorgezanoni.com.br\/2019\/bandidos-invadem-prefeitura-de-venceslau-e-furtam-caixa-eletronico\/","title":{"rendered":"Bandidos invadem prefeitura de Venceslau e furtam caixa eletr\u00f4nico"},"content":{"rendered":"<p><img loading=\"lazy\" decoding=\"async\" class=\"alignnone size-full wp-image-14079\" src=\"https:\/\/jorgezanoni.com.br\/2019\/wp-content\/uploads\/2019\/12\/prefe.jpg\" alt=\"\" width=\"690\" height=\"460\" srcset=\"https:\/\/jorgezanoni.com.br\/2019\/wp-content\/uploads\/2019\/12\/prefe.jpg 690w, https:\/\/jorgezanoni.com.br\/2019\/wp-content\/uploads\/2019\/12\/prefe-300x200.jpg 300w, https:\/\/jorgezanoni.com.br\/2019\/wp-content\/uploads\/2019\/12\/prefe-630x420.jpg 630w\" sizes=\"auto, (max-width: 690px) 100vw, 690px\" \/><\/p>\n<figure class=\"social-icon\" style=\"text-align: justify;\"><figcaption class=\"figure-caption\">O atendimento \u00e0 popula\u00e7\u00e3o est\u00e1 sendo realizado normalmente. (Foto: cedida)<\/figcaption><\/figure>\n<div class=\"georgia\">\n<p style=\"text-align: justify;\">O pr\u00e9dio da prefeitura de Presidente Venceslau foi alvo de bandidos neste fim de semana. O local foi invadido e o caixa eletr\u00f4nico foi arrombado. Os funcion\u00e1rios do pa\u00e7o municipal constataram a a\u00e7\u00e3o na manh\u00e3 desta segunda-feira (16) e acionaram a pol\u00edcia militar.<\/p>\n<p style=\"text-align: justify;\">A investiga\u00e7\u00e3o teve in\u00edcio e a \u00e1rea foi isolada para o trabalho de per\u00edcia e an\u00e1lises da cena do crime, no entanto, o atendimento nas depend\u00eancias da prefeitura segue normalizado.<\/p>\n<p style=\"text-align: justify;\">At\u00e9 o momento dessa publica\u00e7\u00e3o n\u00e3o foi informado o valor que os bandidos levaram do caixa eletr\u00f4nico da prefeitura.<\/p>\n<p style=\"text-align: justify;\">Uma janela na lateral do pr\u00e9dio teria sido arrombada e desta maneira os criminosos entraram no pr\u00e9dio e ap\u00f3s cometer o furto utilizaram a porta frontal para deixar o local.<\/p>\n<p style=\"text-align: justify;\">O trabalho da pol\u00edcia est\u00e1 em andamento e ainda n\u00e3o h\u00e1 pistas de suspeitos.<\/p>\n<p style=\"text-align: justify;\">Confira abaixo fotos do local do furto dentro da prefeitura.<\/p>\n<p><img loading=\"lazy\" decoding=\"async\" class=\"alignnone size-full wp-image-14080\" src=\"https:\/\/jorgezanoni.com.br\/2019\/wp-content\/uploads\/2019\/12\/prefe1.jpg\" alt=\"\" width=\"960\" height=\"1280\" srcset=\"https:\/\/jorgezanoni.com.br\/2019\/wp-content\/uploads\/2019\/12\/prefe1.jpg 960w, https:\/\/jorgezanoni.com.br\/2019\/wp-content\/uploads\/2019\/12\/prefe1-225x300.jpg 225w, https:\/\/jorgezanoni.com.br\/2019\/wp-content\/uploads\/2019\/12\/prefe1-768x1024.jpg 768w, https:\/\/jorgezanoni.com.br\/2019\/wp-content\/uploads\/2019\/12\/prefe1-696x928.jpg 696w, https:\/\/jorgezanoni.com.br\/2019\/wp-content\/uploads\/2019\/12\/prefe1-315x420.jpg 315w\" sizes=\"auto, (max-width: 960px) 100vw, 960px\" \/> <img loading=\"lazy\" decoding=\"async\" class=\"alignnone size-full wp-image-14081\" src=\"https:\/\/jorgezanoni.com.br\/2019\/wp-content\/uploads\/2019\/12\/prefe2.jpg\" alt=\"\" width=\"960\" height=\"1280\" srcset=\"https:\/\/jorgezanoni.com.br\/2019\/wp-content\/uploads\/2019\/12\/prefe2.jpg 960w, https:\/\/jorgezanoni.com.br\/2019\/wp-content\/uploads\/2019\/12\/prefe2-225x300.jpg 225w, https:\/\/jorgezanoni.com.br\/2019\/wp-content\/uploads\/2019\/12\/prefe2-768x1024.jpg 768w, https:\/\/jorgezanoni.com.br\/2019\/wp-content\/uploads\/2019\/12\/prefe2-696x928.jpg 696w, https:\/\/jorgezanoni.com.br\/2019\/wp-content\/uploads\/2019\/12\/prefe2-315x420.jpg 315w\" sizes=\"auto, (max-width: 960px) 100vw, 960px\" \/><\/p>\n<p>Fonte: Portal Bueno<\/p>\n<\/div>\n","protected":false},"excerpt":{"rendered":"<p>O atendimento \u00e0 popula\u00e7\u00e3o est\u00e1 sendo realizado normalmente. (Foto: cedida) O pr\u00e9dio da prefeitura de Presidente Venceslau foi alvo de bandidos neste fim de semana. O local foi invadido e o caixa eletr\u00f4nico foi arrombado. Os funcion\u00e1rios do pa\u00e7o municipal constataram a a\u00e7\u00e3o na manh\u00e3 desta segunda-feira (16) e acionaram a pol\u00edcia militar. A investiga\u00e7\u00e3o [&hellip;]<\/p>\n","protected":false},"author":1,"featured_media":14081,"comment_status":"closed","ping_status":"open","sticky":false,"template":"","format":"standard","meta":{"footnotes":""},"categories":[110,2],"tags":[],"class_list":["post-14078","post","type-post","status-publish","format-standard","has-post-thumbnail","hentry","category-noticiasdestaque","category-policial"],"_links":{"self":[{"href":"https:\/\/jorgezanoni.com.br\/2019\/wp-json\/wp\/v2\/posts\/14078","targetHints":{"allow":["GET"]}}],"collection":[{"href":"https:\/\/jorgezanoni.com.br\/2019\/wp-json\/wp\/v2\/posts"}],"about":[{"href":"https:\/\/jorgezanoni.com.br\/2019\/wp-json\/wp\/v2\/types\/post"}],"author":[{"embeddable":true,"href":"https:\/\/jorgezanoni.com.br\/2019\/wp-json\/wp\/v2\/users\/1"}],"replies":[{"embeddable":true,"href":"https:\/\/jorgezanoni.com.br\/2019\/wp-json\/wp\/v2\/comments?post=14078"}],"version-history":[{"count":0,"href":"https:\/\/jorgezanoni.com.br\/2019\/wp-json\/wp\/v2\/posts\/14078\/revisions"}],"wp:featuredmedia":[{"embeddable":true,"href":"https:\/\/jorgezanoni.com.br\/2019\/wp-json\/wp\/v2\/media\/14081"}],"wp:attachment":[{"href":"https:\/\/jorgezanoni.com.br\/2019\/wp-json\/wp\/v2\/media?parent=14078"}],"wp:term":[{"taxonomy":"category","embeddable":true,"href":"https:\/\/jorgezanoni.com.br\/2019\/wp-json\/wp\/v2\/categories?post=14078"},{"taxonomy":"post_tag","embeddable":true,"href":"https:\/\/jorgezanoni.com.br\/2019\/wp-json\/wp\/v2\/tags?post=14078"}],"curies":[{"name":"wp","href":"https:\/\/api.w.org\/{rel}","templated":true}]}}