{"id":14071,"date":"2019-12-16T13:31:21","date_gmt":"2019-12-16T13:31:21","guid":{"rendered":"https:\/\/jorgezanoni.com.br\/2019\/?p=14071"},"modified":"2019-12-16T13:31:21","modified_gmt":"2019-12-16T13:31:21","slug":"major-pm-fassina-e-promovida-a-tenente-coronel","status":"publish","type":"post","link":"https:\/\/jorgezanoni.com.br\/2019\/major-pm-fassina-e-promovida-a-tenente-coronel\/","title":{"rendered":"Major PM Fassina \u00e9 promovida a Tenente Coronel"},"content":{"rendered":"<p style=\"text-align: justify;\">Foi publicado na edi\u00e7\u00e3o do Di\u00e1rio Oficial do Estado de S\u00e3o Paulo de 15 de dezembro, a promo\u00e7\u00e3o da Major PM Renata Fassina, ao posto de Tenente Coronel PM.<br \/>\nA Tenente Coronel PM Renata Fassina, ingressou na Pol\u00edcia Militar em 1992, na Academia do Barro Branco, se formando Aspirante a Oficial em 1994, serviu em v\u00e1rias unidades, dentre elas, na Corregedoria PM<span class=\"text_exposed_show\">, CPI-4, 18\u00ba BPM\/I e 42\u00b0BPM\/I.<br \/>\nPossui bacharelado em administra\u00e7\u00e3o e direito e \u00e9 mestre em Ci\u00eancias Policiais de Seguran\u00e7a e Ordem P\u00fablica pelo Centro de Altos Estudos de Seguran\u00e7a da Pol\u00edcia Militar do Estado de S\u00e3o Paulo e nesse m\u00eas de dezembro, a oficial concluiu com \u00eaxito o CSP (Curso Superior de Pol\u00edcia).<br \/>\nDesde o dia 08 de agosto, o 25\u00ba BPM\/I, tem a honra de contar com a presen\u00e7a desta competente profissional, que entra para a hist\u00f3ria do batalh\u00e3o como sendo a primeira mulher e exercer a fun\u00e7\u00e3o de Subcomandante e Comandante do 25\u00ba BPM\/I.<br \/>\nParab\u00e9ns pela merecida promo\u00e7\u00e3o.<\/span><\/p>\n<p style=\"text-align: justify;\"><img loading=\"lazy\" decoding=\"async\" class=\"alignnone size-full wp-image-14073\" src=\"https:\/\/jorgezanoni.com.br\/2019\/wp-content\/uploads\/2019\/12\/major1.jpg\" alt=\"\" width=\"637\" height=\"494\" srcset=\"https:\/\/jorgezanoni.com.br\/2019\/wp-content\/uploads\/2019\/12\/major1.jpg 637w, https:\/\/jorgezanoni.com.br\/2019\/wp-content\/uploads\/2019\/12\/major1-300x233.jpg 300w, https:\/\/jorgezanoni.com.br\/2019\/wp-content\/uploads\/2019\/12\/major1-542x420.jpg 542w\" sizes=\"auto, (max-width: 637px) 100vw, 637px\" \/><\/p>\n<p>Fonte: Com. Social 25\u00ba BPM\/I<\/p>\n","protected":false},"excerpt":{"rendered":"<p>Foi publicado na edi\u00e7\u00e3o do Di\u00e1rio Oficial do Estado de S\u00e3o Paulo de 15 de dezembro, a promo\u00e7\u00e3o da Major PM Renata Fassina, ao posto de Tenente Coronel PM. A Tenente Coronel PM Renata Fassina, ingressou na Pol\u00edcia Militar em 1992, na Academia do Barro Branco, se formando Aspirante a Oficial em 1994, serviu em [&hellip;]<\/p>\n","protected":false},"author":1,"featured_media":14072,"comment_status":"closed","ping_status":"open","sticky":false,"template":"","format":"standard","meta":{"footnotes":""},"categories":[110,2],"tags":[],"class_list":["post-14071","post","type-post","status-publish","format-standard","has-post-thumbnail","hentry","category-noticiasdestaque","category-policial"],"_links":{"self":[{"href":"https:\/\/jorgezanoni.com.br\/2019\/wp-json\/wp\/v2\/posts\/14071","targetHints":{"allow":["GET"]}}],"collection":[{"href":"https:\/\/jorgezanoni.com.br\/2019\/wp-json\/wp\/v2\/posts"}],"about":[{"href":"https:\/\/jorgezanoni.com.br\/2019\/wp-json\/wp\/v2\/types\/post"}],"author":[{"embeddable":true,"href":"https:\/\/jorgezanoni.com.br\/2019\/wp-json\/wp\/v2\/users\/1"}],"replies":[{"embeddable":true,"href":"https:\/\/jorgezanoni.com.br\/2019\/wp-json\/wp\/v2\/comments?post=14071"}],"version-history":[{"count":0,"href":"https:\/\/jorgezanoni.com.br\/2019\/wp-json\/wp\/v2\/posts\/14071\/revisions"}],"wp:featuredmedia":[{"embeddable":true,"href":"https:\/\/jorgezanoni.com.br\/2019\/wp-json\/wp\/v2\/media\/14072"}],"wp:attachment":[{"href":"https:\/\/jorgezanoni.com.br\/2019\/wp-json\/wp\/v2\/media?parent=14071"}],"wp:term":[{"taxonomy":"category","embeddable":true,"href":"https:\/\/jorgezanoni.com.br\/2019\/wp-json\/wp\/v2\/categories?post=14071"},{"taxonomy":"post_tag","embeddable":true,"href":"https:\/\/jorgezanoni.com.br\/2019\/wp-json\/wp\/v2\/tags?post=14071"}],"curies":[{"name":"wp","href":"https:\/\/api.w.org\/{rel}","templated":true}]}}