{"id":14021,"date":"2019-12-15T22:11:51","date_gmt":"2019-12-15T22:11:51","guid":{"rendered":"https:\/\/jorgezanoni.com.br\/2019\/?p=14021"},"modified":"2019-12-15T22:11:51","modified_gmt":"2019-12-15T22:11:51","slug":"bebedouro-da-praca-rotary-motiva-reclamacao-de-pessoas-que-fazem-uso-do-local","status":"publish","type":"post","link":"https:\/\/jorgezanoni.com.br\/2019\/bebedouro-da-praca-rotary-motiva-reclamacao-de-pessoas-que-fazem-uso-do-local\/","title":{"rendered":"Bebedouro da Pra\u00e7a Rotary motiva reclama\u00e7\u00e3o de pessoas que fazem uso do local"},"content":{"rendered":"<p style=\"text-align: justify;\"><strong>O bebedouro da Pra\u00e7a Rotary, \u00e9 motivo de reclama\u00e7\u00e3o, especialmente de pessoas que fazem caminhadas pelo local.<\/strong><\/p>\n<p><img loading=\"lazy\" decoding=\"async\" class=\"alignnone size-full wp-image-14022\" src=\"https:\/\/jorgezanoni.com.br\/2019\/wp-content\/uploads\/2019\/12\/bebedouro.jpg\" alt=\"\" width=\"774\" height=\"1032\" srcset=\"https:\/\/jorgezanoni.com.br\/2019\/wp-content\/uploads\/2019\/12\/bebedouro.jpg 774w, https:\/\/jorgezanoni.com.br\/2019\/wp-content\/uploads\/2019\/12\/bebedouro-225x300.jpg 225w, https:\/\/jorgezanoni.com.br\/2019\/wp-content\/uploads\/2019\/12\/bebedouro-768x1024.jpg 768w, https:\/\/jorgezanoni.com.br\/2019\/wp-content\/uploads\/2019\/12\/bebedouro-696x928.jpg 696w, https:\/\/jorgezanoni.com.br\/2019\/wp-content\/uploads\/2019\/12\/bebedouro-315x420.jpg 315w\" sizes=\"auto, (max-width: 774px) 100vw, 774px\" \/><\/p>\n<p style=\"text-align: justify;\">Segundo os reclamantes, o local\u00a0 est\u00e1 totalmente pichado e com mau cheiro, principalmente de urina.<\/p>\n<p style=\"text-align: justify;\">Sugerem que os respons\u00e1veis fa\u00e7am mudan\u00e7as, como por exemplo: baixar o muro que cerca o bebedouro, colocar uma torneira ao lado para as pessoas lavarem as m\u00e3os, e arrumar os vazamentos, pois existem \u00e1gua acumulada e folhas pelo local, pr\u00f3prio para a procria\u00e7\u00e3o de mosquitos indesej\u00e1veis.<\/p>\n<p style=\"text-align: justify;\">Dizem os usu\u00e1rios do bebedouro: &#8220;N\u00e3o culpamos a administra\u00e7\u00e3o, mas pessoas que n\u00e3o tem o censo de viver em comunidade, por\u00e9m s\u00f3 quem pode tomar provid\u00eancias, \u00e9 o poder p\u00fablico municipal&#8221;.<\/p>\n<p style=\"text-align: justify;\">Jorge Zanoni<\/p>\n<p style=\"text-align: justify;\">Fotos de Internauta<\/p>\n<p>&nbsp;<\/p>\n<p>&nbsp;<\/p>\n","protected":false},"excerpt":{"rendered":"<p>O bebedouro da Pra\u00e7a Rotary, \u00e9 motivo de reclama\u00e7\u00e3o, especialmente de pessoas que fazem caminhadas pelo local. Segundo os reclamantes, o local\u00a0 est\u00e1 totalmente pichado e com mau cheiro, principalmente de urina. Sugerem que os respons\u00e1veis fa\u00e7am mudan\u00e7as, como por exemplo: baixar o muro que cerca o bebedouro, colocar uma torneira ao lado para as [&hellip;]<\/p>\n","protected":false},"author":1,"featured_media":14023,"comment_status":"closed","ping_status":"open","sticky":false,"template":"","format":"standard","meta":{"footnotes":""},"categories":[179,184,110],"tags":[],"class_list":["post-14021","post","type-post","status-publish","format-standard","has-post-thumbnail","hentry","category-cidadeseregiao","category-dracena","category-noticiasdestaque"],"_links":{"self":[{"href":"https:\/\/jorgezanoni.com.br\/2019\/wp-json\/wp\/v2\/posts\/14021","targetHints":{"allow":["GET"]}}],"collection":[{"href":"https:\/\/jorgezanoni.com.br\/2019\/wp-json\/wp\/v2\/posts"}],"about":[{"href":"https:\/\/jorgezanoni.com.br\/2019\/wp-json\/wp\/v2\/types\/post"}],"author":[{"embeddable":true,"href":"https:\/\/jorgezanoni.com.br\/2019\/wp-json\/wp\/v2\/users\/1"}],"replies":[{"embeddable":true,"href":"https:\/\/jorgezanoni.com.br\/2019\/wp-json\/wp\/v2\/comments?post=14021"}],"version-history":[{"count":0,"href":"https:\/\/jorgezanoni.com.br\/2019\/wp-json\/wp\/v2\/posts\/14021\/revisions"}],"wp:featuredmedia":[{"embeddable":true,"href":"https:\/\/jorgezanoni.com.br\/2019\/wp-json\/wp\/v2\/media\/14023"}],"wp:attachment":[{"href":"https:\/\/jorgezanoni.com.br\/2019\/wp-json\/wp\/v2\/media?parent=14021"}],"wp:term":[{"taxonomy":"category","embeddable":true,"href":"https:\/\/jorgezanoni.com.br\/2019\/wp-json\/wp\/v2\/categories?post=14021"},{"taxonomy":"post_tag","embeddable":true,"href":"https:\/\/jorgezanoni.com.br\/2019\/wp-json\/wp\/v2\/tags?post=14021"}],"curies":[{"name":"wp","href":"https:\/\/api.w.org\/{rel}","templated":true}]}}