{"id":14015,"date":"2019-12-15T21:28:09","date_gmt":"2019-12-15T21:28:09","guid":{"rendered":"https:\/\/jorgezanoni.com.br\/2019\/?p=14015"},"modified":"2019-12-15T21:28:09","modified_gmt":"2019-12-15T21:28:09","slug":"morre-em-adamantina-o-ex-vereador-ex-prefeito-e-advogado-fernando-chagas-fraga-aos-84-anos","status":"publish","type":"post","link":"https:\/\/jorgezanoni.com.br\/2019\/morre-em-adamantina-o-ex-vereador-ex-prefeito-e-advogado-fernando-chagas-fraga-aos-84-anos\/","title":{"rendered":"Morre em Adamantina o ex-vereador, ex-prefeito e advogado Fernando Chagas Fraga, aos 84 anos"},"content":{"rendered":"<p style=\"text-align: justify;\"><strong>Faleceu na tarde deste domingo (15), o advogado, ex-vereador e prefeito interino de Adamantina, Fernando Chagas Fraga, popularmente conhecido por \u201cFernand\u00e3o\u201d.<\/strong><\/p>\n<p style=\"text-align: justify;\">Ele foi vereador por quatro mandatos, comandou a C\u00e2mara Municipal no cargo de presidente em tr\u00eas deles e exerceu interinamente o posto de chefe do Executivo ap\u00f3s a ren\u00fancia do ex-prefeito Euclydes Romanini e seu vice Eloy Russafa entre 08\/02\/75 a 14\/05\/76.<img loading=\"lazy\" decoding=\"async\" class=\"alignright\" src=\"https:\/\/scontent-gru1-1.xx.fbcdn.net\/v\/t31.0-8\/p720x720\/13415630_1103271086411599_726643553344248370_o.jpg?_nc_cat=109&amp;_nc_oc=AQn3rLXtPUgGGDwpGnHqZNhwfmLcn2vaYOgPquJ8xUIg3l3m6v2Dvt1YvqCy-b2t0XE&amp;_nc_ht=scontent-gru1-1.xx&amp;oh=08593e14c3afcddf618566a0ed58d403&amp;oe=5EB197DA\" alt=\"\" width=\"402\" height=\"536\" \/><\/p>\n<p style=\"text-align: justify;\">Conhecido por sua forte personalidade, Fernando Chagas Fraga \u00e9 um dos baluartes da advocacia em Adamantina e regi\u00e3o, profiss\u00e3o esta que sempre atuou com seriedade na defesa dos direitos de seus clientes.<\/p>\n<p style=\"text-align: justify;\">VEL\u00d3RIO E SEPULTAMENTO<\/p>\n<p style=\"text-align: justify;\">O corpo de Fernando Chagas Fraga ser\u00e1 velado em um memorial de Adamantina e o sepultamento est\u00e1 marcado para as 9h30 desta segunda-feira (16) no Cemit\u00e9rio Municipal de Luc\u00e9lia.<\/p>\n<p style=\"text-align: justify;\">FOTO: Facebook\/Arquivo Pessoal \u2013 REPORTAGEM adamantinanet.com.br com colabora\u00e7\u00e3o de Tiago Rafael (Professor e Historiador)<\/p>\n<p style=\"text-align: justify;\"><img decoding=\"async\" class=\"aligncenter\" src=\"https:\/\/scontent-gru1-1.xx.fbcdn.net\/v\/t1.0-9\/37754058_10204684328985147_1980814835033571328_n.jpg?_nc_cat=107&amp;_nc_oc=AQk51JcNYlOhC7Lnlp05uQG7paN5kDE02UuuTukrIHCq3bGD3Wo9p3KmtMHqFpKWRY4&amp;_nc_ht=scontent-gru1-1.xx&amp;oh=dc1317e36ca1fc81f5213bb375f1570d&amp;oe=5EB244A2\" alt=\"\" \/><\/p>\n<p>Fonte: adamantinanet.com.br<\/p>\n","protected":false},"excerpt":{"rendered":"<p>Faleceu na tarde deste domingo (15), o advogado, ex-vereador e prefeito interino de Adamantina, Fernando Chagas Fraga, popularmente conhecido por \u201cFernand\u00e3o\u201d. Ele foi vereador por quatro mandatos, comandou a C\u00e2mara Municipal no cargo de presidente em tr\u00eas deles e exerceu interinamente o posto de chefe do Executivo ap\u00f3s a ren\u00fancia do ex-prefeito Euclydes Romanini e [&hellip;]<\/p>\n","protected":false},"author":1,"featured_media":14016,"comment_status":"closed","ping_status":"open","sticky":false,"template":"","format":"standard","meta":{"footnotes":""},"categories":[195,179,178],"tags":[],"class_list":["post-14015","post","type-post","status-publish","format-standard","has-post-thumbnail","hentry","category-adamantina","category-cidadeseregiao","category-notadefalecimento"],"_links":{"self":[{"href":"https:\/\/jorgezanoni.com.br\/2019\/wp-json\/wp\/v2\/posts\/14015","targetHints":{"allow":["GET"]}}],"collection":[{"href":"https:\/\/jorgezanoni.com.br\/2019\/wp-json\/wp\/v2\/posts"}],"about":[{"href":"https:\/\/jorgezanoni.com.br\/2019\/wp-json\/wp\/v2\/types\/post"}],"author":[{"embeddable":true,"href":"https:\/\/jorgezanoni.com.br\/2019\/wp-json\/wp\/v2\/users\/1"}],"replies":[{"embeddable":true,"href":"https:\/\/jorgezanoni.com.br\/2019\/wp-json\/wp\/v2\/comments?post=14015"}],"version-history":[{"count":0,"href":"https:\/\/jorgezanoni.com.br\/2019\/wp-json\/wp\/v2\/posts\/14015\/revisions"}],"wp:featuredmedia":[{"embeddable":true,"href":"https:\/\/jorgezanoni.com.br\/2019\/wp-json\/wp\/v2\/media\/14016"}],"wp:attachment":[{"href":"https:\/\/jorgezanoni.com.br\/2019\/wp-json\/wp\/v2\/media?parent=14015"}],"wp:term":[{"taxonomy":"category","embeddable":true,"href":"https:\/\/jorgezanoni.com.br\/2019\/wp-json\/wp\/v2\/categories?post=14015"},{"taxonomy":"post_tag","embeddable":true,"href":"https:\/\/jorgezanoni.com.br\/2019\/wp-json\/wp\/v2\/tags?post=14015"}],"curies":[{"name":"wp","href":"https:\/\/api.w.org\/{rel}","templated":true}]}}