{"id":13931,"date":"2019-12-14T15:09:53","date_gmt":"2019-12-14T15:09:53","guid":{"rendered":"https:\/\/jorgezanoni.com.br\/2019\/?p=13931"},"modified":"2019-12-14T15:15:16","modified_gmt":"2019-12-14T15:15:16","slug":"delegado-da-dig-de-dracena-confirma-que-um-dos-presos-na-operacao-vila-romana-e-especialista-em-furtos-em-condominios","status":"publish","type":"post","link":"https:\/\/jorgezanoni.com.br\/2019\/delegado-da-dig-de-dracena-confirma-que-um-dos-presos-na-operacao-vila-romana-e-especialista-em-furtos-em-condominios\/","title":{"rendered":"Delegado da DIG de Dracena confirma que um dos presos na opera\u00e7\u00e3o \u201c Vila Romana\u201d, \u00e9 especialista em furtos em Condom\u00ednios"},"content":{"rendered":"<p style=\"text-align: justify;\">Na manh\u00e3 de ontem durante entrevista concedida a R\u00e1dio Liberal FM e ao Jornal Regional, o delegado Cleber Augusto Batista, da Delegacia de Investiga\u00e7\u00f5es Gerais (DIG) de Dracena, falou sobre os resultados da \u2018Opera\u00e7\u00e3o Vila Romana\u2019, que prendeu tr\u00eas homens envolvidos nos seis furtos ocorridos em dois condom\u00ednios da cidade no m\u00eas passado. Ele disse que todos os envolvidos s\u00e3o de Londrina (PR) e que dois deles t\u00eam v\u00e1rias passagens pela Pol\u00edcia de l\u00e1 e um deles seria o mentor intelectual da associa\u00e7\u00e3o criminosa e possui v\u00e1rios antecedentes por furto, inclusive no estado de S\u00e3o Paulo e se tornou especialista na pr\u00e1tica de furtos em condom\u00ednios. \u201cA especialidade do mentor intelectual \u00e9 isso e acaba angariando outras pessoas e pratica furtos em resid\u00eancias localizadas em condom\u00ednios\u201d, disse o delegado Cleber. Ressaltou ainda que os indiv\u00edduos vieram para Dracena aleatoriamente e praticaram os furtos no Condom\u00ednio Vila Romana e no Residencial Dracena, que fica ao lado, onde seria mais f\u00e1cil praticar os delitos. Eles confessaram que pularam o muro lateral dos condom\u00ednios por onde entraram e sa\u00edram.<\/p>\n<div class=\"jeg_ad jeg_ad_article jnews_content_inline_ads \">\n<div class=\"ads-wrapper align-right \">\n<div class=\"ads_google_ads\"><span style=\"text-align: justify;\">Cleber Batista afirmou que dois dos tr\u00eas indiv\u00edduos presos confessaram a pr\u00e1tica criminosa com riqueza de detalhes contando como fizeram os crimes e um deles que seria o mentor, apesar de informalmente confessar, mas por ocasi\u00e3o da oitiva formal se reservou no direito de permanecer calado.<\/span><\/div>\n<\/div>\n<\/div>\n<p style=\"text-align: justify;\">O delegado explicou que v\u00e1rios objetos foram apreendidos em Londrina e est\u00e1 sendo formalizada a apreens\u00e3o e na segunda-feira ser\u00e3o colocados para reconhecimento das v\u00edtimas. Acredita que boa parte dos objetos sejam furtados e com a devolu\u00e7\u00e3o daqueles que provavelmente sejam reconhecidos, parte dos preju\u00edzos ser\u00e1 ressarcida.<\/p>\n<p style=\"text-align: justify;\">O delegado Cleber Batista informou que a opera\u00e7\u00e3o foi um trabalho bastante \u00e1rduo e cansativo e focado em t\u00e9cnicas de intelig\u00eancia e de investiga\u00e7\u00e3o policial e que resultou na pris\u00e3o dos indiv\u00edduos. \u201cA gente procura restabelecer a ordem para que a popula\u00e7\u00e3o continue tranquila em Dracena\u201d.<\/p>\n<p style=\"text-align: justify;\">Al\u00e9m do delegado Cleber Batista, trabalharam na opera\u00e7\u00e3o os delegados Alexandre, Bruno, Mateus, Ramon (Euclides da Cunha), a Pol\u00edcia Civil do Paran\u00e1, Policiais da DIG, DISE, GOE e do CIP de Dracena, GOE de Adamantina e Presidente Venceslau, que foram importantes nesta opera\u00e7\u00e3o e que resultou nas pris\u00f5es dos indiv\u00edduos.<\/p>\n<p style=\"text-align: justify;\">A Pol\u00edcia Civil de Dracena vai representar pela prorroga\u00e7\u00e3o da pris\u00e3o tempor\u00e1ria dos envolvidos na segunda-feira e espera que at\u00e9 ter\u00e7a-feira seja conclu\u00eddo o inqu\u00e9rito policial e representar pela pris\u00e3o preventiva contra os tr\u00eas indiv\u00edduos. \u201cA Pol\u00edcia Civil sempre trabalha independente\u00a0 de quem seja a v\u00edtima\u00a0 e do padr\u00e3o social, cor ou ra\u00e7a e credo, e todos os casos s\u00e3o investigados e infelizmente alguns deles acabam n\u00e3o deixando rastros e a gente n\u00e3o tem bola de cristal e n\u00e3o consegue identificar\u201d, concluiu o delegado Cleber.<\/p>\n<p><img loading=\"lazy\" decoding=\"async\" class=\"alignnone size-full wp-image-13932\" src=\"https:\/\/jorgezanoni.com.br\/2019\/wp-content\/uploads\/2019\/12\/Delegado-da-DIG-2.jpg\" alt=\"\" width=\"1024\" height=\"1024\" srcset=\"https:\/\/jorgezanoni.com.br\/2019\/wp-content\/uploads\/2019\/12\/Delegado-da-DIG-2.jpg 1024w, https:\/\/jorgezanoni.com.br\/2019\/wp-content\/uploads\/2019\/12\/Delegado-da-DIG-2-150x150.jpg 150w, https:\/\/jorgezanoni.com.br\/2019\/wp-content\/uploads\/2019\/12\/Delegado-da-DIG-2-300x300.jpg 300w, https:\/\/jorgezanoni.com.br\/2019\/wp-content\/uploads\/2019\/12\/Delegado-da-DIG-2-768x768.jpg 768w, https:\/\/jorgezanoni.com.br\/2019\/wp-content\/uploads\/2019\/12\/Delegado-da-DIG-2-696x696.jpg 696w, https:\/\/jorgezanoni.com.br\/2019\/wp-content\/uploads\/2019\/12\/Delegado-da-DIG-2-420x420.jpg 420w\" sizes=\"auto, (max-width: 1024px) 100vw, 1024px\" \/><\/p>\n<p style=\"text-align: justify;\">Fonte: Portal Regional<\/p>\n","protected":false},"excerpt":{"rendered":"<p>Na manh\u00e3 de ontem durante entrevista concedida a R\u00e1dio Liberal FM e ao Jornal Regional, o delegado Cleber Augusto Batista, da Delegacia de Investiga\u00e7\u00f5es Gerais (DIG) de Dracena, falou sobre os resultados da \u2018Opera\u00e7\u00e3o Vila Romana\u2019, que prendeu tr\u00eas homens envolvidos nos seis furtos ocorridos em dois condom\u00ednios da cidade no m\u00eas passado. Ele disse [&hellip;]<\/p>\n","protected":false},"author":1,"featured_media":13935,"comment_status":"closed","ping_status":"open","sticky":false,"template":"","format":"standard","meta":{"footnotes":""},"categories":[110,2],"tags":[],"class_list":["post-13931","post","type-post","status-publish","format-standard","has-post-thumbnail","hentry","category-noticiasdestaque","category-policial"],"_links":{"self":[{"href":"https:\/\/jorgezanoni.com.br\/2019\/wp-json\/wp\/v2\/posts\/13931","targetHints":{"allow":["GET"]}}],"collection":[{"href":"https:\/\/jorgezanoni.com.br\/2019\/wp-json\/wp\/v2\/posts"}],"about":[{"href":"https:\/\/jorgezanoni.com.br\/2019\/wp-json\/wp\/v2\/types\/post"}],"author":[{"embeddable":true,"href":"https:\/\/jorgezanoni.com.br\/2019\/wp-json\/wp\/v2\/users\/1"}],"replies":[{"embeddable":true,"href":"https:\/\/jorgezanoni.com.br\/2019\/wp-json\/wp\/v2\/comments?post=13931"}],"version-history":[{"count":0,"href":"https:\/\/jorgezanoni.com.br\/2019\/wp-json\/wp\/v2\/posts\/13931\/revisions"}],"wp:featuredmedia":[{"embeddable":true,"href":"https:\/\/jorgezanoni.com.br\/2019\/wp-json\/wp\/v2\/media\/13935"}],"wp:attachment":[{"href":"https:\/\/jorgezanoni.com.br\/2019\/wp-json\/wp\/v2\/media?parent=13931"}],"wp:term":[{"taxonomy":"category","embeddable":true,"href":"https:\/\/jorgezanoni.com.br\/2019\/wp-json\/wp\/v2\/categories?post=13931"},{"taxonomy":"post_tag","embeddable":true,"href":"https:\/\/jorgezanoni.com.br\/2019\/wp-json\/wp\/v2\/tags?post=13931"}],"curies":[{"name":"wp","href":"https:\/\/api.w.org\/{rel}","templated":true}]}}