{"id":13906,"date":"2019-12-14T02:12:47","date_gmt":"2019-12-14T02:12:47","guid":{"rendered":"https:\/\/jorgezanoni.com.br\/2019\/?p=13906"},"modified":"2019-12-14T02:12:47","modified_gmt":"2019-12-14T02:12:47","slug":"o-vacuo-do-legislativo","status":"publish","type":"post","link":"https:\/\/jorgezanoni.com.br\/2019\/o-vacuo-do-legislativo\/","title":{"rendered":"O V\u00e1cuo do Legislativo&#8230;"},"content":{"rendered":"<p><strong>O V\u00c1CUO DO LEGISLATIVO&#8230;<\/strong><\/p>\n<p><strong>*CLAUDIVAL CLEMENTE<\/strong><\/p>\n<p><strong>*CLAUDIVAL MOURA CLEMENTE<\/strong><\/p>\n<p style=\"text-align: justify;\">O Supremo Tribunal Federal realizou uma audi\u00eancia p\u00fablica para ouvir representantes da sociedade civil, a fim de julgar um processo movido por dois cidad\u00e3os que tiverem as candidaturas negadas pelo fato de n\u00e3o pertencerem a nenhum partido pol\u00edtico.<\/p>\n<p style=\"text-align: justify;\">Uma das condi\u00e7\u00f5es de exigibilidade \u00e9 pertencer a um partido pol\u00edtico, atualmente, segundo o site do Tribunal Superior Eleitoral existem 33 partidos pol\u00edticos, o \u00faltimo deles aprovado recentemente.<\/p>\n<p style=\"text-align: justify;\">O Brasil \u00e9 um dos poucos pa\u00edses no mundo que ainda exigem filia\u00e7\u00e3o partid\u00e1ria para concorrer aos cargos p\u00fablicos, mas n\u00e3o cabe ao Supremo alterar um dispositivo inserido na Constitui\u00e7\u00e3o Federal.<\/p>\n<p style=\"text-align: justify;\">V\u00e1rios temas foram levados ao Supremo para receberem a interpreta\u00e7\u00e3o constitucional e o STF acabou criando uma legisla\u00e7\u00e3o, aproveitando o vazio deixado pelo Legislativo, a quem cabe, de acordo com a pr\u00f3pria Constitui\u00e7\u00e3o, elaborar as leis.<\/p>\n<p style=\"text-align: justify;\">O papel do Supremo \u00e9 definido pela Constitui\u00e7\u00e3o e a este \u00f3rg\u00e3o judicial cabe interpretar os dispositivos constitucionais e zelar pela observ\u00e2ncia dos preceitos ali contidos.<\/p>\n<p style=\"text-align: justify;\">Infelizmente na maioria dos pa\u00edses, as Supremas Cortes t\u00eam uma tend\u00eancia de exagerar nas interpreta\u00e7\u00f5es \u00e0 Constitui\u00e7\u00e3o, em parte porque os integrantes das Supremas Cortes, tal qual no Brasil, s\u00e3o indicados pelos pol\u00edticos e possuem forte inclina\u00e7\u00e3o ideol\u00f3gica. Tamb\u00e9m h\u00e1 que se considerar que as decis\u00f5es proferidas pelo STF s\u00e3o irrecorr\u00edveis.<\/p>\n<p style=\"text-align: justify;\">A alternativa para o Legislativo para se contrapor \u00e0s decis\u00f5es do STF, caso estas n\u00e3o sejam do agrado da opini\u00e3o p\u00fablica ou dos pr\u00f3prios parlamentares, \u00e9 produzir uma legisla\u00e7\u00e3o em sentido contr\u00e1rio.<\/p>\n<p style=\"text-align: justify;\">Se, de fato, o Legislativo assumisse a responsabilidade de sempre se preocupar com \u00a0o pa\u00eds, observando o quadro maior, analisando as necessidades, at\u00e9 mesmo alterar alguns dispositivos constitucionais, inexistiria \u00a0este confronto entre os dois importantes poderes da Rep\u00fablica.<\/p>\n<p style=\"text-align: justify;\">Envie d\u00favidas, coment\u00e1rios ou sugest\u00f5es para <a href=\"mailto:bcrcconsultoria@gmail.com\">bcrcconsultoria@gmail.com<\/a>. At\u00e9 a pr\u00f3xima.<\/p>\n<p style=\"text-align: justify;\">*Formado em Direito pela Universidade Estadual de Direito do Norte Pioneiro em Jacarezinho e em Administra\u00e7\u00e3o de Empresas pela Faculdades Integradas de Ourinhos. S\u00f3cio s\u00eanior da BCRC Consultoria.<\/p>\n<p style=\"text-align: justify;\">** Revis\u00e3o e colabora\u00e7\u00e3o\u00a0 &#8211; Acad\u00eamico de Administra\u00e7\u00e3o de Empresas na UNICID.<\/p>\n","protected":false},"excerpt":{"rendered":"<p>O V\u00c1CUO DO LEGISLATIVO&#8230; *CLAUDIVAL CLEMENTE *CLAUDIVAL MOURA CLEMENTE O Supremo Tribunal Federal realizou uma audi\u00eancia p\u00fablica para ouvir representantes da sociedade civil, a fim de julgar um processo movido por dois cidad\u00e3os que tiverem as candidaturas negadas pelo fato de n\u00e3o pertencerem a nenhum partido pol\u00edtico. Uma das condi\u00e7\u00f5es de exigibilidade \u00e9 pertencer a [&hellip;]<\/p>\n","protected":false},"author":1,"featured_media":13907,"comment_status":"closed","ping_status":"open","sticky":false,"template":"","format":"standard","meta":{"footnotes":""},"categories":[175],"tags":[],"class_list":["post-13906","post","type-post","status-publish","format-standard","has-post-thumbnail","hentry","category-artigos"],"_links":{"self":[{"href":"https:\/\/jorgezanoni.com.br\/2019\/wp-json\/wp\/v2\/posts\/13906","targetHints":{"allow":["GET"]}}],"collection":[{"href":"https:\/\/jorgezanoni.com.br\/2019\/wp-json\/wp\/v2\/posts"}],"about":[{"href":"https:\/\/jorgezanoni.com.br\/2019\/wp-json\/wp\/v2\/types\/post"}],"author":[{"embeddable":true,"href":"https:\/\/jorgezanoni.com.br\/2019\/wp-json\/wp\/v2\/users\/1"}],"replies":[{"embeddable":true,"href":"https:\/\/jorgezanoni.com.br\/2019\/wp-json\/wp\/v2\/comments?post=13906"}],"version-history":[{"count":0,"href":"https:\/\/jorgezanoni.com.br\/2019\/wp-json\/wp\/v2\/posts\/13906\/revisions"}],"wp:featuredmedia":[{"embeddable":true,"href":"https:\/\/jorgezanoni.com.br\/2019\/wp-json\/wp\/v2\/media\/13907"}],"wp:attachment":[{"href":"https:\/\/jorgezanoni.com.br\/2019\/wp-json\/wp\/v2\/media?parent=13906"}],"wp:term":[{"taxonomy":"category","embeddable":true,"href":"https:\/\/jorgezanoni.com.br\/2019\/wp-json\/wp\/v2\/categories?post=13906"},{"taxonomy":"post_tag","embeddable":true,"href":"https:\/\/jorgezanoni.com.br\/2019\/wp-json\/wp\/v2\/tags?post=13906"}],"curies":[{"name":"wp","href":"https:\/\/api.w.org\/{rel}","templated":true}]}}