{"id":13886,"date":"2019-12-13T19:06:14","date_gmt":"2019-12-13T19:06:14","guid":{"rendered":"https:\/\/jorgezanoni.com.br\/2019\/?p=13886"},"modified":"2019-12-13T19:07:33","modified_gmt":"2019-12-13T19:07:33","slug":"entrega-de-tecidos-para-a-santa-casa-de-dracena-e-prestigiada-por-autoridades-municipais","status":"publish","type":"post","link":"https:\/\/jorgezanoni.com.br\/2019\/entrega-de-tecidos-para-a-santa-casa-de-dracena-e-prestigiada-por-autoridades-municipais\/","title":{"rendered":"Entrega de tecidos para a Santa Casa de Dracena \u00e9 prestigiada por autoridades municipais"},"content":{"rendered":"<p style=\"text-align: justify;\">Na manh\u00e3 desta quinta-feira \u2013 12 de dezembro de 2019, na sala de reuni\u00f5es da SANTA CASA DE DRACENA, o senhor provedor Altamir Alves dos Santos juntamente com o<br \/>\ntesoureiro senhor Antonio F\u00e1vero, recepcionaram a Secret\u00e1ria Municipal de Sa\u00fade e Higiene P\u00fablica de Dracena \u2013 senhora Mirian Rocha do Carmo Iasniswki, representando o<br \/>\nDigno Prefeito Municipal, o Presidente da C\u00e2mara Municipal de Vereadores de Dracena<br \/>\nMilton Polon, os demais vereadores: Rodrigo Castilho Soares, Kielse Chiari Munis, Ailton Oscar Lorensetti, al\u00e9m dos vereadores que subscrevem as emendas Rodrigo Rossetti<br \/>\nParra e a Vereadora Maria Aparecida da Silva Gasques Mateus.<\/p>\n<p style=\"text-align: justify;\">O material recebido ser\u00e1 para a confec\u00e7\u00e3o de rouparia hospitalar, adquiridos atrav\u00e9s do<br \/>\nrepasse da Prefeitura Municipal de Dracena por conta da inser\u00e7\u00e3o de emenda parlamentar ao or\u00e7amento de 2019, de iniciativa dos vereadores que comp\u00f5em o legislativo local.<\/p>\n<p style=\"text-align: justify;\">Foram entregues 250 metros de tecidos de algod\u00e3o cru liso, 250 metros<br \/>\nde tecidos de cretone listrado azul, 200 metros de tecidos para toalhas e 48 unidades de mantas em microfibra, no valor de R$ 9.000,00 (nove mil reais).<\/p>\n<p style=\"text-align: justify;\">O provedor agradeceu a presen\u00e7a das autoridades, refletiu sobre a repercuss\u00e3o do ato e disse estar sensibilizado n\u00e3o por si, mas pelos usu\u00e1rios do nosoc\u00f4mio. Cumprimentou todos os presentes simbolizando o contentamento a ser transmitido a todos os pares. Agradeceu o empenho dos colaboradores da Casa, materializado na figura guerreira e de dedica\u00e7\u00e3o a<br \/>\nbenemer\u00eancia da senhora F\u00e1tima Perfeito Campos Dansieri, membro da Irmandade, pela sua incans\u00e1vel luta em prol da solidariedade.<\/p>\n<p style=\"text-align: justify;\">Assessoria da Santa Casa<\/p>\n","protected":false},"excerpt":{"rendered":"<p>Na manh\u00e3 desta quinta-feira \u2013 12 de dezembro de 2019, na sala de reuni\u00f5es da SANTA CASA DE DRACENA, o senhor provedor Altamir Alves dos Santos juntamente com o tesoureiro senhor Antonio F\u00e1vero, recepcionaram a Secret\u00e1ria Municipal de Sa\u00fade e Higiene P\u00fablica de Dracena \u2013 senhora Mirian Rocha do Carmo Iasniswki, representando o Digno Prefeito [&hellip;]<\/p>\n","protected":false},"author":1,"featured_media":13887,"comment_status":"closed","ping_status":"open","sticky":false,"template":"","format":"standard","meta":{"footnotes":""},"categories":[118],"tags":[],"class_list":["post-13886","post","type-post","status-publish","format-standard","has-post-thumbnail","hentry","category-religiaoesolidariedade"],"_links":{"self":[{"href":"https:\/\/jorgezanoni.com.br\/2019\/wp-json\/wp\/v2\/posts\/13886","targetHints":{"allow":["GET"]}}],"collection":[{"href":"https:\/\/jorgezanoni.com.br\/2019\/wp-json\/wp\/v2\/posts"}],"about":[{"href":"https:\/\/jorgezanoni.com.br\/2019\/wp-json\/wp\/v2\/types\/post"}],"author":[{"embeddable":true,"href":"https:\/\/jorgezanoni.com.br\/2019\/wp-json\/wp\/v2\/users\/1"}],"replies":[{"embeddable":true,"href":"https:\/\/jorgezanoni.com.br\/2019\/wp-json\/wp\/v2\/comments?post=13886"}],"version-history":[{"count":0,"href":"https:\/\/jorgezanoni.com.br\/2019\/wp-json\/wp\/v2\/posts\/13886\/revisions"}],"wp:featuredmedia":[{"embeddable":true,"href":"https:\/\/jorgezanoni.com.br\/2019\/wp-json\/wp\/v2\/media\/13887"}],"wp:attachment":[{"href":"https:\/\/jorgezanoni.com.br\/2019\/wp-json\/wp\/v2\/media?parent=13886"}],"wp:term":[{"taxonomy":"category","embeddable":true,"href":"https:\/\/jorgezanoni.com.br\/2019\/wp-json\/wp\/v2\/categories?post=13886"},{"taxonomy":"post_tag","embeddable":true,"href":"https:\/\/jorgezanoni.com.br\/2019\/wp-json\/wp\/v2\/tags?post=13886"}],"curies":[{"name":"wp","href":"https:\/\/api.w.org\/{rel}","templated":true}]}}