{"id":13877,"date":"2019-12-13T18:53:28","date_gmt":"2019-12-13T18:53:28","guid":{"rendered":"https:\/\/jorgezanoni.com.br\/2019\/?p=13877"},"modified":"2019-12-13T18:53:28","modified_gmt":"2019-12-13T18:53:28","slug":"rede-de-combate-ao-cancer-recebe-toucas-infantis-turbantes-e-tiaras-feitos-por-reeducandas","status":"publish","type":"post","link":"https:\/\/jorgezanoni.com.br\/2019\/rede-de-combate-ao-cancer-recebe-toucas-infantis-turbantes-e-tiaras-feitos-por-reeducandas\/","title":{"rendered":"Rede de Combate ao C\u00e2ncer recebe toucas infantis, turbantes e tiaras feitos por reeducandas"},"content":{"rendered":"<h2 class=\"subtitulo\" style=\"text-align: justify;\"><strong>Materiais foram produzidos por reeducandas da Penitenci\u00e1ria Feminina de Tupi Paulista.<\/strong><\/h2>\n<p style=\"font-weight: 400; text-align: justify;\">A Rede de Combate ao C\u00e2ncer de Adamantina recebeu nesta quinta-feira (12) uma doa\u00e7\u00e3o de materiais produzidos por reeducandas do regime semiaberto da Penitenci\u00e1ria Feminina de Tupi Paulista. Foram doadas 120 pe\u00e7as, entre toucas e turbantes infantis e tiaras para adultos.<\/p>\n<p style=\"font-weight: 400; text-align: justify;\">Outras institui\u00e7\u00f5es e hospitais da regi\u00e3o, em Tup\u00e3, Dracena e Presidente Prudente tamb\u00e9m receberam kits produzidos pelas participantes do projeto \u201cPolvo do Amor\u201d, que envolve um grupo de 30 presas. Foram produzidas cerca de 1.200 pe\u00e7as.<\/p>\n<p style=\"font-weight: 400; text-align: justify;\">A entrega \u00e0 Rede de Combate ao C\u00e2ncer de Adamantina foi realizada pela diretora da Penitenci\u00e1ria Feminina de Tupi Paulista, Adriana Alkmin Domingues, acompanhada dos ju\u00edzes F\u00e1bio Alexandre Marinelli Sola, titular da 1\u00aa Vara da Comarca local e juiz auxiliar do Departamento de Execu\u00e7\u00f5es Criminais da 5\u00aa Regi\u00e3o Administrativa do Tribunal de Justi\u00e7a do Estado de S\u00e3o Paulo (TJSP), respons\u00e1vel por acompanhar 11 pres\u00eddios da regi\u00e3o (Tupi Paulista a Osvaldo Cruz) e Ruth Duarte Menegatti, titular da 3\u00aa Vara da Comarca de Adamantina e diretora do f\u00f3rum local.\u00a0A presidente da Rede, Radige Mostafa Sp\u00f3sito recebeu o grupo e as doa\u00e7\u00f5es.<\/p>\n<p><img loading=\"lazy\" decoding=\"async\" class=\"alignnone size-full wp-image-13878\" src=\"https:\/\/jorgezanoni.com.br\/2019\/wp-content\/uploads\/2019\/12\/rede1.jpg\" alt=\"\" width=\"540\" height=\"540\" srcset=\"https:\/\/jorgezanoni.com.br\/2019\/wp-content\/uploads\/2019\/12\/rede1.jpg 540w, https:\/\/jorgezanoni.com.br\/2019\/wp-content\/uploads\/2019\/12\/rede1-150x150.jpg 150w, https:\/\/jorgezanoni.com.br\/2019\/wp-content\/uploads\/2019\/12\/rede1-300x300.jpg 300w, https:\/\/jorgezanoni.com.br\/2019\/wp-content\/uploads\/2019\/12\/rede1-420x420.jpg 420w\" sizes=\"auto, (max-width: 540px) 100vw, 540px\" \/><img loading=\"lazy\" decoding=\"async\" class=\"alignnone size-full wp-image-13879\" src=\"https:\/\/jorgezanoni.com.br\/2019\/wp-content\/uploads\/2019\/12\/rede2.jpg\" alt=\"\" width=\"540\" height=\"540\" srcset=\"https:\/\/jorgezanoni.com.br\/2019\/wp-content\/uploads\/2019\/12\/rede2.jpg 540w, https:\/\/jorgezanoni.com.br\/2019\/wp-content\/uploads\/2019\/12\/rede2-150x150.jpg 150w, https:\/\/jorgezanoni.com.br\/2019\/wp-content\/uploads\/2019\/12\/rede2-300x300.jpg 300w, https:\/\/jorgezanoni.com.br\/2019\/wp-content\/uploads\/2019\/12\/rede2-420x420.jpg 420w\" sizes=\"auto, (max-width: 540px) 100vw, 540px\" \/>Foto Simais.com<\/p>\n<p style=\"text-align: justify;\">Segundo a diretora da unidade prisional, a atividade aconteceu dentro do projeto de incentivo \u00e0 qualifica\u00e7\u00e3o profissional desenvolvido na penitenci\u00e1ria, que recebeu o nome de \u201cPolvo do Amor\u201d, com o objetivo de reproduzir uma iniciativa que nasceu em 2013 na Dinamarca, onde um grupo de volunt\u00e1rios decidiu fazer polvos de croch\u00ea para beb\u00eas prematuros sob cuidados em UTI neonatal, em um projeto chamado\u00a0<em>Spruttengruppen (The Danish Octo Project).<\/em>\u00a0Eles s\u00e3o os &#8220;pais&#8221; da ideia.<\/p>\n<p>Adriana explica que durante um per\u00edodo\u00a0\u00a0de 30 dias o grupo foi capacitado por uma colaboradora da equipe de agentes, Denise B\u00fassola. Os materiais utilizados foram adquiridos com recursos de penas pecuni\u00e1rias aplicadas pelo Poder Judici\u00e1rio.\u00a0\u00a0Ela detalha ainda a ess\u00eancia e o alcance do \u201cPolvo do Amor\u201d, que consiste na produ\u00e7\u00e3o de polvos com croch\u00ea, a partir de t\u00e9cnicas espec\u00edficas. \u201cQuando o Polvo \u00e9 colocado na incubadora, o beb\u00ea tem contato com os tent\u00e1culos, que por sua vez lembram o cord\u00e3o umbilical e o ambiente uterino da m\u00e3e. Comprovadamente, isso auxilia na recupera\u00e7\u00e3o dos beb\u00eas\u201d destaca.<\/p>\n<p><img loading=\"lazy\" decoding=\"async\" class=\"alignnone size-full wp-image-13880\" src=\"https:\/\/jorgezanoni.com.br\/2019\/wp-content\/uploads\/2019\/12\/rede3.jpg\" alt=\"\" width=\"540\" height=\"638\" srcset=\"https:\/\/jorgezanoni.com.br\/2019\/wp-content\/uploads\/2019\/12\/rede3.jpg 540w, https:\/\/jorgezanoni.com.br\/2019\/wp-content\/uploads\/2019\/12\/rede3-254x300.jpg 254w, https:\/\/jorgezanoni.com.br\/2019\/wp-content\/uploads\/2019\/12\/rede3-355x420.jpg 355w\" sizes=\"auto, (max-width: 540px) 100vw, 540px\" \/> <img loading=\"lazy\" decoding=\"async\" class=\"alignnone size-full wp-image-13882\" src=\"https:\/\/jorgezanoni.com.br\/2019\/wp-content\/uploads\/2019\/12\/rede5.jpg\" alt=\"\" width=\"540\" height=\"540\" srcset=\"https:\/\/jorgezanoni.com.br\/2019\/wp-content\/uploads\/2019\/12\/rede5.jpg 540w, https:\/\/jorgezanoni.com.br\/2019\/wp-content\/uploads\/2019\/12\/rede5-150x150.jpg 150w, https:\/\/jorgezanoni.com.br\/2019\/wp-content\/uploads\/2019\/12\/rede5-300x300.jpg 300w, https:\/\/jorgezanoni.com.br\/2019\/wp-content\/uploads\/2019\/12\/rede5-420x420.jpg 420w\" sizes=\"auto, (max-width: 540px) 100vw, 540px\" \/> <img loading=\"lazy\" decoding=\"async\" class=\"alignnone size-full wp-image-13883\" src=\"https:\/\/jorgezanoni.com.br\/2019\/wp-content\/uploads\/2019\/12\/rede6.jpg\" alt=\"\" width=\"540\" height=\"540\" srcset=\"https:\/\/jorgezanoni.com.br\/2019\/wp-content\/uploads\/2019\/12\/rede6.jpg 540w, https:\/\/jorgezanoni.com.br\/2019\/wp-content\/uploads\/2019\/12\/rede6-150x150.jpg 150w, https:\/\/jorgezanoni.com.br\/2019\/wp-content\/uploads\/2019\/12\/rede6-300x300.jpg 300w, https:\/\/jorgezanoni.com.br\/2019\/wp-content\/uploads\/2019\/12\/rede6-420x420.jpg 420w\" sizes=\"auto, (max-width: 540px) 100vw, 540px\" \/><\/p>\n<p style=\"font-weight: 400; text-align: justify;\">Outro ganho foi para as pr\u00f3prias reeducandas. \u201cHouve quem n\u00e3o tinha nenhuma habilidade com agulha e hoje esse grupo enxerga uma oportunidade de, em liberdade, viver do artesanato\u201d, diz. \u201cA iniciativa fomentou a autoestima, onde a reeducanda deixa de ser desacreditada e passa a se enxergar como pessoa\u201d, completa.<\/p>\n<p style=\"font-weight: 400; text-align: justify;\"><b><strong>Polvos e acess\u00f3rios<\/strong><\/b><\/p>\n<p style=\"font-weight: 400; text-align: justify;\">Com o sucesso na produ\u00e7\u00e3o dos \u201cPolvos do Amor\u201d, a atividade com as reeducandas foi ampliada para a produ\u00e7\u00e3o de acess\u00f3rios para crian\u00e7as e adultos sob tratamento oncol\u00f3gico, o que permitiu produzir toucas, turbantes e tiaras.<\/p>\n<p style=\"text-align: justify;\">A oficina durou 120 dias, o que permitiu produzir cerca de 1.200 pe\u00e7as, que agora chegam ao seu p\u00fablico final, j\u00e1 entregues na Rede de Combate ao C\u00e2ncer de Adamantina e Tup\u00e3, ala pedi\u00e1trica da Santa Casa de Dracena, UTI neonatal do Hospital Estadual de Presidente Prudente e Hospital Regional do C\u00e2ncer de Presidente Prudente.<\/p>\n<p style=\"text-align: justify;\">Fonte: sigamais.com<\/p>\n","protected":false},"excerpt":{"rendered":"<p>Materiais foram produzidos por reeducandas da Penitenci\u00e1ria Feminina de Tupi Paulista. A Rede de Combate ao C\u00e2ncer de Adamantina recebeu nesta quinta-feira (12) uma doa\u00e7\u00e3o de materiais produzidos por reeducandas do regime semiaberto da Penitenci\u00e1ria Feminina de Tupi Paulista. Foram doadas 120 pe\u00e7as, entre toucas e turbantes infantis e tiaras para adultos. Outras institui\u00e7\u00f5es e [&hellip;]<\/p>\n","protected":false},"author":1,"featured_media":13884,"comment_status":"closed","ping_status":"open","sticky":false,"template":"","format":"standard","meta":{"footnotes":""},"categories":[110,118],"tags":[],"class_list":["post-13877","post","type-post","status-publish","format-standard","has-post-thumbnail","hentry","category-noticiasdestaque","category-religiaoesolidariedade"],"_links":{"self":[{"href":"https:\/\/jorgezanoni.com.br\/2019\/wp-json\/wp\/v2\/posts\/13877","targetHints":{"allow":["GET"]}}],"collection":[{"href":"https:\/\/jorgezanoni.com.br\/2019\/wp-json\/wp\/v2\/posts"}],"about":[{"href":"https:\/\/jorgezanoni.com.br\/2019\/wp-json\/wp\/v2\/types\/post"}],"author":[{"embeddable":true,"href":"https:\/\/jorgezanoni.com.br\/2019\/wp-json\/wp\/v2\/users\/1"}],"replies":[{"embeddable":true,"href":"https:\/\/jorgezanoni.com.br\/2019\/wp-json\/wp\/v2\/comments?post=13877"}],"version-history":[{"count":0,"href":"https:\/\/jorgezanoni.com.br\/2019\/wp-json\/wp\/v2\/posts\/13877\/revisions"}],"wp:featuredmedia":[{"embeddable":true,"href":"https:\/\/jorgezanoni.com.br\/2019\/wp-json\/wp\/v2\/media\/13884"}],"wp:attachment":[{"href":"https:\/\/jorgezanoni.com.br\/2019\/wp-json\/wp\/v2\/media?parent=13877"}],"wp:term":[{"taxonomy":"category","embeddable":true,"href":"https:\/\/jorgezanoni.com.br\/2019\/wp-json\/wp\/v2\/categories?post=13877"},{"taxonomy":"post_tag","embeddable":true,"href":"https:\/\/jorgezanoni.com.br\/2019\/wp-json\/wp\/v2\/tags?post=13877"}],"curies":[{"name":"wp","href":"https:\/\/api.w.org\/{rel}","templated":true}]}}