{"id":13856,"date":"2019-12-13T17:40:45","date_gmt":"2019-12-13T17:40:45","guid":{"rendered":"https:\/\/jorgezanoni.com.br\/2019\/?p=13856"},"modified":"2019-12-13T17:41:34","modified_gmt":"2019-12-13T17:41:34","slug":"dr-andre-luengo-dirigente-da-academia-de-policia-civil-concede-entrevista-ao-site-jz","status":"publish","type":"post","link":"https:\/\/jorgezanoni.com.br\/2019\/dr-andre-luengo-dirigente-da-academia-de-policia-civil-concede-entrevista-ao-site-jz\/","title":{"rendered":"Dr. Andr\u00e9 Luengo dirigente da Academia de Pol\u00edcia Civil, concede entrevista ao Site JZ"},"content":{"rendered":"<p style=\"text-align: justify;\">Na manh\u00e3 desta sexta-feira (13) o Dr. Andr\u00e9 Luengo, dirigente da Academia de Pol\u00edcia Civil em Presidente Prudente, esteve em visita a Dracena acompanhando o Dr. Walmir Geralde, diretor do Deinter-8. Com exclusividade ele falou ao Site JZ. (confira a entrevista).<\/p>\n<div id=\"fb-root\"><\/div>\n<p><script async=\"1\" defer=\"1\" crossorigin=\"anonymous\" src=\"https:\/\/connect.facebook.net\/en_US\/sdk.js#xfbml=1&amp;version=v5.0\"><\/script><\/p>\n<div class=\"fb-video\" data-href=\"https:\/\/www.facebook.com\/jorgezanonidracena\/videos\/2478429818946576\/\" data-width=\"696\">\n<blockquote cite=\"https:\/\/www.facebook.com\/jorgezanonidracena\/videos\/2478429818946576\/\" class=\"fb-xfbml-parse-ignore\"><p><a href=\"https:\/\/www.facebook.com\/jorgezanonidracena\/videos\/2478429818946576\/\">Dr. Andr\u00e9 Luengo dirigente da Academia de Pol\u00edcia Civil, concede entrevista ao Site JZ<\/a><\/p>\n<p>Dr. Andr\u00e9 Luengo dirigente da Academia de Pol\u00edcia Civil, concede entrevista ao Site JZ.<\/p>\n<p>Posted by <a href=\"https:\/\/www.facebook.com\/jorgezanonidracena\/\">Jorge Zanoni<\/a> on Friday, December 13, 2019<\/p><\/blockquote>\n<\/div>\n<p>&nbsp;<\/p>\n","protected":false},"excerpt":{"rendered":"<p>Na manh\u00e3 desta sexta-feira (13) o Dr. Andr\u00e9 Luengo, dirigente da Academia de Pol\u00edcia Civil em Presidente Prudente, esteve em visita a Dracena acompanhando o Dr. Walmir Geralde, diretor do Deinter-8. Com exclusividade ele falou ao Site JZ. (confira a entrevista). Dr. Andr\u00e9 Luengo dirigente da Academia de Pol\u00edcia Civil, concede entrevista ao Site JZ [&hellip;]<\/p>\n","protected":false},"author":1,"featured_media":13857,"comment_status":"closed","ping_status":"open","sticky":false,"template":"","format":"video","meta":{"footnotes":""},"categories":[110,169],"tags":[],"class_list":["post-13856","post","type-post","status-publish","format-video","has-post-thumbnail","hentry","category-noticiasdestaque","category-videos","post_format-post-format-video"],"_links":{"self":[{"href":"https:\/\/jorgezanoni.com.br\/2019\/wp-json\/wp\/v2\/posts\/13856","targetHints":{"allow":["GET"]}}],"collection":[{"href":"https:\/\/jorgezanoni.com.br\/2019\/wp-json\/wp\/v2\/posts"}],"about":[{"href":"https:\/\/jorgezanoni.com.br\/2019\/wp-json\/wp\/v2\/types\/post"}],"author":[{"embeddable":true,"href":"https:\/\/jorgezanoni.com.br\/2019\/wp-json\/wp\/v2\/users\/1"}],"replies":[{"embeddable":true,"href":"https:\/\/jorgezanoni.com.br\/2019\/wp-json\/wp\/v2\/comments?post=13856"}],"version-history":[{"count":0,"href":"https:\/\/jorgezanoni.com.br\/2019\/wp-json\/wp\/v2\/posts\/13856\/revisions"}],"wp:featuredmedia":[{"embeddable":true,"href":"https:\/\/jorgezanoni.com.br\/2019\/wp-json\/wp\/v2\/media\/13857"}],"wp:attachment":[{"href":"https:\/\/jorgezanoni.com.br\/2019\/wp-json\/wp\/v2\/media?parent=13856"}],"wp:term":[{"taxonomy":"category","embeddable":true,"href":"https:\/\/jorgezanoni.com.br\/2019\/wp-json\/wp\/v2\/categories?post=13856"},{"taxonomy":"post_tag","embeddable":true,"href":"https:\/\/jorgezanoni.com.br\/2019\/wp-json\/wp\/v2\/tags?post=13856"}],"curies":[{"name":"wp","href":"https:\/\/api.w.org\/{rel}","templated":true}]}}