{"id":13844,"date":"2019-12-13T11:53:59","date_gmt":"2019-12-13T11:53:59","guid":{"rendered":"https:\/\/jorgezanoni.com.br\/2019\/?p=13844"},"modified":"2019-12-13T11:55:48","modified_gmt":"2019-12-13T11:55:48","slug":"idoso-e-morto-dentro-de-sua-casa-em-andradina","status":"publish","type":"post","link":"https:\/\/jorgezanoni.com.br\/2019\/idoso-e-morto-dentro-de-sua-casa-em-andradina\/","title":{"rendered":"Idoso \u00e9 morto dentro de sua casa em Andradina"},"content":{"rendered":"<div class=\"news-resumo\">\n<h2 style=\"text-align: justify;\"><strong>Sebasti\u00e3o Batista de Ara\u00fajo (65) foi encontrado morto na cozinha de sua casa no bairro \u00c1lvaro Gaspareli, em Andradina na noite de quarta-feira (11).<\/strong><\/h2>\n<p style=\"text-align: justify;\">Sebasti\u00e3o Batista de Ara\u00fajo (65) foi encontrado morto na cozinha de sua casa no bairro \u00c1lvaro Gaspareli, em Andradina na noite de quarta-feira (11).<\/p>\n<p style=\"text-align: justify;\">A PM foi chamada por vizinhos que ouviram os gritos do idoso que estava sendo espancado. O corpo foi descoberto por um morador.<\/p>\n<p style=\"text-align: justify;\">Um vizinho contou aos policiais que chegar em casa ouviu um barulho muito alto, de pessoas gritando, de portas e janelas sendo arrombadas, que vinha da resid\u00eancia vizinha. Ela chamou pelo idoso na frente da resid\u00eancia por v\u00e1rias vezes, mas como n\u00e3o houve resposta, entrou no quintal pelo muro.<\/p>\n<p style=\"text-align: justify;\">Ao pular a janela da casa, encontrou o idoso ca\u00eddo no ch\u00e3o da cozinha, com v\u00e1rias les\u00f5es no rosto e aparentemente sem vida. Mesmo assim, acionou a equipe de resgate do Corpo de Bombeiros.<\/p>\n<p style=\"text-align: justify;\">A v\u00edtima sangrava muito devido aos ferimentos no rosto e na cabe\u00e7a e tamb\u00e9m tinha hematomas no peito, provavelmente provocados por um peda\u00e7o de madeira. Na cozinha foi encontrada uma faca.<\/p>\n<p style=\"text-align: justify;\">A pol\u00edcia encontrou R$ 400,00 em dinheiro no bolso da cal\u00e7a de Ara\u00fajo e mais R$ 300,00 no meio de um caderno de anota\u00e7\u00f5es. (com L\u00e1zaro Junior)<\/p>\n<p style=\"text-align: justify;\">Fonte: hojemais.com.br<\/p>\n<h2><\/h2>\n<\/div>\n","protected":false},"excerpt":{"rendered":"<p>Sebasti\u00e3o Batista de Ara\u00fajo (65) foi encontrado morto na cozinha de sua casa no bairro \u00c1lvaro Gaspareli, em Andradina na noite de quarta-feira (11). Sebasti\u00e3o Batista de Ara\u00fajo (65) foi encontrado morto na cozinha de sua casa no bairro \u00c1lvaro Gaspareli, em Andradina na noite de quarta-feira (11). A PM foi chamada por vizinhos que [&hellip;]<\/p>\n","protected":false},"author":1,"featured_media":13845,"comment_status":"closed","ping_status":"open","sticky":false,"template":"","format":"standard","meta":{"footnotes":""},"categories":[2],"tags":[],"class_list":["post-13844","post","type-post","status-publish","format-standard","has-post-thumbnail","hentry","category-policial"],"_links":{"self":[{"href":"https:\/\/jorgezanoni.com.br\/2019\/wp-json\/wp\/v2\/posts\/13844","targetHints":{"allow":["GET"]}}],"collection":[{"href":"https:\/\/jorgezanoni.com.br\/2019\/wp-json\/wp\/v2\/posts"}],"about":[{"href":"https:\/\/jorgezanoni.com.br\/2019\/wp-json\/wp\/v2\/types\/post"}],"author":[{"embeddable":true,"href":"https:\/\/jorgezanoni.com.br\/2019\/wp-json\/wp\/v2\/users\/1"}],"replies":[{"embeddable":true,"href":"https:\/\/jorgezanoni.com.br\/2019\/wp-json\/wp\/v2\/comments?post=13844"}],"version-history":[{"count":0,"href":"https:\/\/jorgezanoni.com.br\/2019\/wp-json\/wp\/v2\/posts\/13844\/revisions"}],"wp:featuredmedia":[{"embeddable":true,"href":"https:\/\/jorgezanoni.com.br\/2019\/wp-json\/wp\/v2\/media\/13845"}],"wp:attachment":[{"href":"https:\/\/jorgezanoni.com.br\/2019\/wp-json\/wp\/v2\/media?parent=13844"}],"wp:term":[{"taxonomy":"category","embeddable":true,"href":"https:\/\/jorgezanoni.com.br\/2019\/wp-json\/wp\/v2\/categories?post=13844"},{"taxonomy":"post_tag","embeddable":true,"href":"https:\/\/jorgezanoni.com.br\/2019\/wp-json\/wp\/v2\/tags?post=13844"}],"curies":[{"name":"wp","href":"https:\/\/api.w.org\/{rel}","templated":true}]}}