{"id":13833,"date":"2019-12-13T01:59:45","date_gmt":"2019-12-13T01:59:45","guid":{"rendered":"https:\/\/jorgezanoni.com.br\/2019\/?p=13833"},"modified":"2019-12-13T01:59:45","modified_gmt":"2019-12-13T01:59:45","slug":"presos-queimam-colchoes-e-tentam-fazer-refens-durante-motim-no-cdp-de-piracicaba","status":"publish","type":"post","link":"https:\/\/jorgezanoni.com.br\/2019\/presos-queimam-colchoes-e-tentam-fazer-refens-durante-motim-no-cdp-de-piracicaba\/","title":{"rendered":"Presos queimam colch\u00f5es e tentam fazer ref\u00e9ns durante motim no CDP de Piracicaba"},"content":{"rendered":"<h2 class=\"content-head__subtitle\" style=\"text-align: justify;\"><strong>Segundo a SAP, houve feridos sem gravidade; ele foram atendidas na unidade prisional.<\/strong><\/h2>\n<div class=\"mc-column content-text active-extra-styles \" data-block-type=\"unstyled\" data-block-weight=\"52\" data-block-id=\"2\">\n<p class=\"content-text__container \" style=\"text-align: justify;\" data-track-category=\"Link no Texto\" data-track-links=\"\">Presos do Centro de Deten\u00e7\u00e3o Provis\u00f3ria (CDP) de Piracicaba (SP) realizaram um motim na tarde desta quinta-feira (12). Colch\u00f5es foram queimados e os detentos tentaram fazer agentes penitenci\u00e1rios como ref\u00e9ns, mas n\u00e3o conseguiram. Segundo a Secretaria de Administra\u00e7\u00e3o Penitenci\u00e1ria (SAP), a situa\u00e7\u00e3o est\u00e1 controlada e houve pessoas que sofreram ferimentos sem gravidade.<\/p>\n<\/div>\n<div class=\"wall protected-content\">\n<div class=\"mc-column content-text active-extra-styles \" data-block-type=\"unstyled\" data-block-weight=\"25\" data-block-id=\"3\">\n<p class=\"content-text__container \" style=\"text-align: justify;\" data-track-category=\"Link no Texto\" data-track-links=\"\">Equipes do Corpo de Bombeiros foram acionadas para controlar um foco de inc\u00eandio na unidade prisional. Policiais militares tamb\u00e9m foram no local para dar apoio.<\/p>\n<div class=\"mc-column content-text active-extra-styles \" data-block-type=\"unstyled\" data-block-weight=\"29\" data-block-id=\"4\">\n<p class=\"content-text__container \" style=\"text-align: justify;\" data-track-category=\"Link no Texto\" data-track-links=\"\">As equipes foram acionadas por volta de 15h30. A informa\u00e7\u00e3o inicial dos bombeiros \u00e9 de que havia fogo em colch\u00f5es dentro do CDP. Imagens mostram fuma\u00e7a saindo do im\u00f3vel.<\/p>\n<p style=\"text-align: justify;\" data-track-category=\"Link no Texto\" data-track-links=\"\"><img loading=\"lazy\" decoding=\"async\" class=\"alignnone size-full wp-image-13835\" src=\"https:\/\/jorgezanoni.com.br\/2019\/wp-content\/uploads\/2019\/12\/cdp1.jpg\" alt=\"\" width=\"1600\" height=\"900\" srcset=\"https:\/\/jorgezanoni.com.br\/2019\/wp-content\/uploads\/2019\/12\/cdp1.jpg 1600w, https:\/\/jorgezanoni.com.br\/2019\/wp-content\/uploads\/2019\/12\/cdp1-300x169.jpg 300w, https:\/\/jorgezanoni.com.br\/2019\/wp-content\/uploads\/2019\/12\/cdp1-768x432.jpg 768w, https:\/\/jorgezanoni.com.br\/2019\/wp-content\/uploads\/2019\/12\/cdp1-1024x576.jpg 1024w, https:\/\/jorgezanoni.com.br\/2019\/wp-content\/uploads\/2019\/12\/cdp1-696x392.jpg 696w, https:\/\/jorgezanoni.com.br\/2019\/wp-content\/uploads\/2019\/12\/cdp1-1068x601.jpg 1068w, https:\/\/jorgezanoni.com.br\/2019\/wp-content\/uploads\/2019\/12\/cdp1-747x420.jpg 747w\" sizes=\"auto, (max-width: 1600px) 100vw, 1600px\" \/>Imagem mostra fuma\u00e7a saindo do CDP de Piracicaba \u2014 Foto: Edijan Del Santo\/EPTV<\/p>\n<div class=\"mc-column content-text active-extra-styles\" data-block-type=\"raw\" data-block-weight=\"2\" data-block-id=\"7\">\n<div class=\"content-intertitle\">\n<h2 style=\"text-align: justify;\">O caso<\/h2>\n<\/div>\n<\/div>\n<div class=\"mc-column content-text active-extra-styles \" style=\"text-align: justify;\" data-block-type=\"unstyled\" data-block-weight=\"42\" data-block-id=\"8\">\n<p class=\"content-text__container \" data-track-category=\"Link no Texto\" data-track-links=\"\">Segundo a SAP, presos da unidade solicitaram atendimento para um companheiro de cela, pois supostamente este teria ca\u00eddo do beliche. Ao iniciar os procedimentos de retirada do preso do pavilh\u00e3o, contudo, os agentes foram amea\u00e7ados pelos detentos, que tentaram faz\u00ea-los ref\u00e9ns.<\/p>\n<\/div>\n<div class=\"mc-column content-text active-extra-styles \" style=\"text-align: justify;\" data-block-type=\"unstyled\" data-block-weight=\"22\" data-block-id=\"9\">\n<p class=\"content-text__container \" data-track-category=\"Link no Texto\" data-track-links=\"\">Como os funcion\u00e1rios conseguiram impedi-los, trancando o pavilh\u00e3o, os detentos deram in\u00edcio a um tumulto, queimando colch\u00f5es, ainda conforme a pasta.<\/p>\n<\/div>\n<div class=\"mc-column content-text active-extra-styles \" style=\"text-align: justify;\" data-block-type=\"unstyled\" data-block-weight=\"50\" data-block-id=\"10\">\n<p class=\"content-text__container \" data-track-category=\"Link no Texto\" data-track-links=\"\">O Grupo de Interven\u00e7\u00e3o R\u00e1pida foi acionado e fez a conten\u00e7\u00e3o, acabando com o tumulto. &#8220;N\u00e3o houve ref\u00e9ns. Os detentos do pavilh\u00e3o onde aconteceu a ocorr\u00eancia est\u00e3o no momento recolhidos e est\u00e1 sendo feita revista na unidade. A visita deste fim de semana est\u00e1 suspensa, para a devida apura\u00e7\u00e3o&#8221;, conclui.<\/p>\n<\/div>\n<div class=\"mc-column content-text active-extra-styles \" style=\"text-align: justify;\" data-block-type=\"unstyled\" data-block-weight=\"46\" data-block-id=\"12\">\n<p class=\"content-text__container \" data-track-category=\"Link no Texto\" data-track-links=\"\">A secretaria ainda informou que houve &#8220;alguns feridos&#8221; sem gravidade, que est\u00e3o sendo atendidos pela equipe de sa\u00fade do pr\u00f3prio CDP. A reportagem questionou quantos ficaram feridos e se eram detentos ou funcion\u00e1rios da unidade prisional, mas n\u00e3o houve retorno at\u00e9 a \u00faltima atualiza\u00e7\u00e3o desta not\u00edcia.<\/p>\n<p data-track-category=\"Link no Texto\" data-track-links=\"\">Fonte: G1<\/p>\n<\/div>\n<\/div>\n<div class=\"content-ads content-ads--reveal\" data-block-type=\"ads\" data-block-id=\"5\">\n<div id=\"banner_materia2\" class=\"tag-manager-publicidade-container mc-has-reveal mc-has-ad-lazyload  tag-manager-publicidade-banner_materia2 tag-manager-publicidade-container--carregado  tag-manager-publicidade-container--visivel\" data-id=\"banner_materia2\" data-google-query-id=\"CL26v7bBseYCFVoGuQYdx9UHOw\" data-cid=\"138298058416\" data-lid=\"5246119662\">\n<div id=\"google_ads_iframe_\/95377733\/tvg_G1\/Sua_Regiao&gt;Sudeste&gt;Sao_Paulo_(Piracicaba)_2__container__\" style=\"box-sizing: inherit; margin: auto; padding: 0px; border: 0pt none; font: inherit; vertical-align: baseline; width: 970px; max-width: 100%; text-align: justify;\"><iframe id=\"google_ads_iframe_\/95377733\/tvg_G1\/Sua_Regiao&gt;Sudeste&gt;Sao_Paulo_(Piracicaba)_2\" style=\"box-sizing: inherit; margin: 0px; padding: 0px; border: 0px; font: inherit; vertical-align: bottom;\" title=\"3rd party ad content\" name=\"google_ads_iframe_\/95377733\/tvg_G1\/Sua_Regiao&gt;Sudeste&gt;Sao_Paulo_(Piracicaba)_2\" width=\"970\" height=\"250\" frameborder=\"0\" marginwidth=\"0\" marginheight=\"0\" scrolling=\"no\" data-google-container-id=\"3\" data-load-complete=\"true\" data-mce-fragment=\"1\"><\/iframe><\/div>\n<\/div>\n<\/div>\n<div class=\"row medium-uncollapsed content-media content-photo\" data-block-type=\"backstage-photo\" data-block-id=\"6\">\n<div class=\"mc-column content-media__container\">\n<div class=\"progressive-img can-open-lightbox\" data-min-size=\"1008x567\" data-min-size-url=\"https:\/\/s2.glbimg.com\/TnatGCcfO8YbTF9Mar3mWoU0Dbs=\/0x0:1152x648\/1008x0\/smart\/filters:strip_icc()\/i.s3.glbimg.com\/v1\/AUTH_59edd422c0c84a879bd37670ae4f538a\/internal_photos\/bs\/2019\/Y\/8\/6npaVKTQuJiGFwNA6djw\/fogo-cdp-2.jpg\" data-max-size=\"1600x900\" data-max-size-url=\"https:\/\/s2.glbimg.com\/6L8vCcfI908LHjqx4-gQXR6czNs=\/0x0:1152x648\/1600x0\/smart\/filters:strip_icc()\/i.s3.glbimg.com\/v1\/AUTH_59edd422c0c84a879bd37670ae4f538a\/internal_photos\/bs\/2019\/Y\/8\/6npaVKTQuJiGFwNA6djw\/fogo-cdp-2.jpg\" data-media-index=\"1\"><\/div>\n<\/div>\n<\/div>\n<\/div>\n<\/div>\n","protected":false},"excerpt":{"rendered":"<p>Segundo a SAP, houve feridos sem gravidade; ele foram atendidas na unidade prisional. Presos do Centro de Deten\u00e7\u00e3o Provis\u00f3ria (CDP) de Piracicaba (SP) realizaram um motim na tarde desta quinta-feira (12). Colch\u00f5es foram queimados e os detentos tentaram fazer agentes penitenci\u00e1rios como ref\u00e9ns, mas n\u00e3o conseguiram. Segundo a Secretaria de Administra\u00e7\u00e3o Penitenci\u00e1ria (SAP), a situa\u00e7\u00e3o [&hellip;]<\/p>\n","protected":false},"author":1,"featured_media":13834,"comment_status":"closed","ping_status":"open","sticky":false,"template":"","format":"standard","meta":{"footnotes":""},"categories":[110,2],"tags":[],"class_list":["post-13833","post","type-post","status-publish","format-standard","has-post-thumbnail","hentry","category-noticiasdestaque","category-policial"],"_links":{"self":[{"href":"https:\/\/jorgezanoni.com.br\/2019\/wp-json\/wp\/v2\/posts\/13833","targetHints":{"allow":["GET"]}}],"collection":[{"href":"https:\/\/jorgezanoni.com.br\/2019\/wp-json\/wp\/v2\/posts"}],"about":[{"href":"https:\/\/jorgezanoni.com.br\/2019\/wp-json\/wp\/v2\/types\/post"}],"author":[{"embeddable":true,"href":"https:\/\/jorgezanoni.com.br\/2019\/wp-json\/wp\/v2\/users\/1"}],"replies":[{"embeddable":true,"href":"https:\/\/jorgezanoni.com.br\/2019\/wp-json\/wp\/v2\/comments?post=13833"}],"version-history":[{"count":0,"href":"https:\/\/jorgezanoni.com.br\/2019\/wp-json\/wp\/v2\/posts\/13833\/revisions"}],"wp:featuredmedia":[{"embeddable":true,"href":"https:\/\/jorgezanoni.com.br\/2019\/wp-json\/wp\/v2\/media\/13834"}],"wp:attachment":[{"href":"https:\/\/jorgezanoni.com.br\/2019\/wp-json\/wp\/v2\/media?parent=13833"}],"wp:term":[{"taxonomy":"category","embeddable":true,"href":"https:\/\/jorgezanoni.com.br\/2019\/wp-json\/wp\/v2\/categories?post=13833"},{"taxonomy":"post_tag","embeddable":true,"href":"https:\/\/jorgezanoni.com.br\/2019\/wp-json\/wp\/v2\/tags?post=13833"}],"curies":[{"name":"wp","href":"https:\/\/api.w.org\/{rel}","templated":true}]}}