{"id":13823,"date":"2019-12-12T15:51:18","date_gmt":"2019-12-12T15:51:18","guid":{"rendered":"https:\/\/jorgezanoni.com.br\/2019\/?p=13823"},"modified":"2019-12-12T15:51:18","modified_gmt":"2019-12-12T15:51:18","slug":"cabo-gilmar-e-o-policial-destaque-de-novembro","status":"publish","type":"post","link":"https:\/\/jorgezanoni.com.br\/2019\/cabo-gilmar-e-o-policial-destaque-de-novembro\/","title":{"rendered":"Cabo Gilmar \u00e9 o policial destaque de novembro"},"content":{"rendered":"<p style=\"text-align: justify;\">O cabo Gilmar Alves Ferreira que pertence ao efetivo territorial da 1\u00aa Cia da Pol\u00edcia Militar de Dracena \u00e9 o escolhido policial destaque do m\u00eas de novembro. Ele atua no Programa de Radiopatrulha no atendimento das ocorr\u00eancias solicitadas via 190. Teve atua\u00e7\u00f5es de destaques no desenvolvimento de suas atribui\u00e7\u00f5es. No m\u00eas passado trabalhou em v\u00e1rias ocorr\u00eancias, sendo que em tr\u00eas delas com destaques, uma que resultou na pris\u00e3o de uma pessoa que praticou o golpe do dinheiro falso e na recupera\u00e7\u00e3o do valor subtra\u00eddo das v\u00edtimas, outra de pris\u00e3o do autor de roubo com arma branca que terminou em flagrante e a terceira que foi um flagrante contra o autor de roubo em um estabelecimento comercial que tamb\u00e9m utilizou arma branca para praticar o delito.<\/p>\n<p style=\"text-align: justify;\">O capit\u00e3o Ederson Jos\u00e9 da Silva, comandante interino da Cia, justificou a escolha do cabo Gilmar ressaltando que ele deve ser enaltecido e reconhecido pela const\u00e2ncia em suas a\u00e7\u00f5es, exercendo de forma eficaz, as diversas atribui\u00e7\u00f5es, e sempre preocupado com a seguran\u00e7a.<\/p>\n<p>Fonte: Portal Regional<\/p>\n","protected":false},"excerpt":{"rendered":"<p>O cabo Gilmar Alves Ferreira que pertence ao efetivo territorial da 1\u00aa Cia da Pol\u00edcia Militar de Dracena \u00e9 o escolhido policial destaque do m\u00eas de novembro. Ele atua no Programa de Radiopatrulha no atendimento das ocorr\u00eancias solicitadas via 190. Teve atua\u00e7\u00f5es de destaques no desenvolvimento de suas atribui\u00e7\u00f5es. No m\u00eas passado trabalhou em v\u00e1rias [&hellip;]<\/p>\n","protected":false},"author":1,"featured_media":13826,"comment_status":"closed","ping_status":"open","sticky":false,"template":"","format":"standard","meta":{"footnotes":""},"categories":[2],"tags":[],"class_list":["post-13823","post","type-post","status-publish","format-standard","has-post-thumbnail","hentry","category-policial"],"_links":{"self":[{"href":"https:\/\/jorgezanoni.com.br\/2019\/wp-json\/wp\/v2\/posts\/13823","targetHints":{"allow":["GET"]}}],"collection":[{"href":"https:\/\/jorgezanoni.com.br\/2019\/wp-json\/wp\/v2\/posts"}],"about":[{"href":"https:\/\/jorgezanoni.com.br\/2019\/wp-json\/wp\/v2\/types\/post"}],"author":[{"embeddable":true,"href":"https:\/\/jorgezanoni.com.br\/2019\/wp-json\/wp\/v2\/users\/1"}],"replies":[{"embeddable":true,"href":"https:\/\/jorgezanoni.com.br\/2019\/wp-json\/wp\/v2\/comments?post=13823"}],"version-history":[{"count":0,"href":"https:\/\/jorgezanoni.com.br\/2019\/wp-json\/wp\/v2\/posts\/13823\/revisions"}],"wp:featuredmedia":[{"embeddable":true,"href":"https:\/\/jorgezanoni.com.br\/2019\/wp-json\/wp\/v2\/media\/13826"}],"wp:attachment":[{"href":"https:\/\/jorgezanoni.com.br\/2019\/wp-json\/wp\/v2\/media?parent=13823"}],"wp:term":[{"taxonomy":"category","embeddable":true,"href":"https:\/\/jorgezanoni.com.br\/2019\/wp-json\/wp\/v2\/categories?post=13823"},{"taxonomy":"post_tag","embeddable":true,"href":"https:\/\/jorgezanoni.com.br\/2019\/wp-json\/wp\/v2\/tags?post=13823"}],"curies":[{"name":"wp","href":"https:\/\/api.w.org\/{rel}","templated":true}]}}