{"id":13816,"date":"2019-12-12T15:18:27","date_gmt":"2019-12-12T15:18:27","guid":{"rendered":"https:\/\/jorgezanoni.com.br\/2019\/?p=13816"},"modified":"2019-12-12T15:18:27","modified_gmt":"2019-12-12T15:18:27","slug":"dr-walmir-geralde-da-policia-civil-fara-visita-oficial-correcional-em-dracena-amanha-13","status":"publish","type":"post","link":"https:\/\/jorgezanoni.com.br\/2019\/dr-walmir-geralde-da-policia-civil-fara-visita-oficial-correcional-em-dracena-amanha-13\/","title":{"rendered":"Dr. Walmir Geralde da Pol\u00edcia Civil far\u00e1 visita oficial correcional em Dracena, amanh\u00e3 (13)"},"content":{"rendered":"<p style=\"text-align: justify;\"><strong>SECRETARIA DA SEGURAN\u00c7A P\u00daBLICA &#8211; POL\u00cdCIA CIVIL DO ESTADO DE S\u00c3O PAULO. DEINTER 8 &#8211; PRESIDENTE PRUDENTE &#8211; DELEGACIA SECCINAL DE POL\u00cdCIA DE DRACENA.<\/strong><\/p>\n<p>&nbsp;<\/p>\n<p style=\"text-align: justify;\"><strong><u>Edital N\u00ba. 005\/2019<\/u><\/strong><\/p>\n<p style=\"text-align: justify;\">\u00a0\u00a0\u00a0\u00a0\u00a0\u00a0\u00a0\u00a0\u00a0\u00a0\u00a0\u00a0\u00a0\u00a0\u00a0\u00a0\u00a0\u00a0\u00a0\u00a0\u00a0\u00a0\u00a0\u00a0\u00a0\u00a0\u00a0\u00a0\u00a0\u00a0\u00a0\u00a0\u00a0\u00a0\u00a0\u00a0\u00a0\u00a0\u00a0\u00a0\u00a0\u00a0\u00a0\u00a0\u00a0\u00a0\u00a0\u00a0\u00a0\u00a0\u00a0\u00a0\u00a0\u00a0\u00a0\u00a0\u00a0\u00a0 O Dr. Nilton Santos Paschoal, Delegado Seccional de Pol\u00edcia de Dracena, no uso de suas atribui\u00e7\u00f5es legais,<\/p>\n<p style=\"text-align: justify;\">\n<p style=\"text-align: justify;\">\u00a0\u00a0\u00a0\u00a0\u00a0\u00a0\u00a0\u00a0\u00a0\u00a0\u00a0\u00a0\u00a0\u00a0\u00a0\u00a0\u00a0\u00a0\u00a0\u00a0\u00a0\u00a0\u00a0\u00a0\u00a0\u00a0\u00a0\u00a0\u00a0\u00a0\u00a0\u00a0\u00a0\u00a0\u00a0\u00a0\u00a0\u00a0\u00a0\u00a0\u00a0\u00a0\u00a0\u00a0\u00a0\u00a0 \u00a0\u00a0\u00a0\u00a0\u00a0\u00a0\u00a0\u00a0\u00a0\u00a0\u00a0 Faz saber pelo presente edital que o Delegado de Pol\u00edcia Diretor do Departamento de Pol\u00edcia Judici\u00e1ria de S\u00e3o Paulo Interior DEINTER 8 \u2013 Presidente Prudente, Dr. Walmir Geralde estar\u00e1 presente, em visita oficial correcional, na Delegacia Seccional de Pol\u00edcia de Dracena, localizada na Rua Ol\u00edmpica n\u00ba. 148, Jardim Alvorada, munic\u00edpio de Dracena, no pr\u00f3ximo dia 13\/12\/2019, \u00e0s 13 horas. Portanto convoco todos os Delegados de Pol\u00edcia da circunscri\u00e7\u00e3o territorial desta Seccional de Pol\u00edcia, os Policiais Civis e demais Servidores Administrativos classificados na Sede. E convido o p\u00fablico em geral para audi\u00eancia, ocasi\u00e3o em que poder\u00e3o ser formuladas queixas e sugest\u00f5es para aprimoramento das atividades policiais na \u00e1rea territorial desta Seccional de Pol\u00edcia.<\/p>\n<h1 style=\"text-align: justify;\">\u00a0\u00a0\u00a0\u00a0\u00a0\u00a0\u00a0\u00a0\u00a0\u00a0\u00a0 Registre, Publique-se e Cumpra-se.<\/h1>\n<p style=\"text-align: justify;\">\n<p style=\"text-align: justify;\">\u00a0\u00a0\u00a0\u00a0\u00a0\u00a0\u00a0\u00a0\u00a0\u00a0\u00a0\u00a0\u00a0\u00a0\u00a0\u00a0\u00a0\u00a0\u00a0\u00a0\u00a0\u00a0\u00a0\u00a0\u00a0\u00a0\u00a0\u00a0\u00a0\u00a0\u00a0\u00a0\u00a0\u00a0\u00a0\u00a0\u00a0\u00a0\u00a0\u00a0\u00a0\u00a0\u00a0\u00a0\u00a0\u00a0\u00a0\u00a0\u00a0\u00a0\u00a0\u00a0\u00a0\u00a0\u00a0\u00a0\u00a0\u00a0 Dracena, 04 de dezembro de 2019<\/p>\n<p style=\"text-align: justify;\"><strong>NILTON SANTOS PASCHOAL<\/strong><\/p>\n<p style=\"text-align: justify;\">Delegado Seccional de Pol\u00edcia<\/p>\n<p>Foto Arquivo<\/p>\n<p style=\"text-align: justify;\">\n<p style=\"text-align: justify;\">\n","protected":false},"excerpt":{"rendered":"<p>SECRETARIA DA SEGURAN\u00c7A P\u00daBLICA &#8211; POL\u00cdCIA CIVIL DO ESTADO DE S\u00c3O PAULO. DEINTER 8 &#8211; PRESIDENTE PRUDENTE &#8211; DELEGACIA SECCINAL DE POL\u00cdCIA DE DRACENA. &nbsp; Edital N\u00ba. 005\/2019 \u00a0\u00a0\u00a0\u00a0\u00a0\u00a0\u00a0\u00a0\u00a0\u00a0\u00a0\u00a0\u00a0\u00a0\u00a0\u00a0\u00a0\u00a0\u00a0\u00a0\u00a0\u00a0\u00a0\u00a0\u00a0\u00a0\u00a0\u00a0\u00a0\u00a0\u00a0\u00a0\u00a0\u00a0\u00a0\u00a0\u00a0\u00a0\u00a0\u00a0\u00a0\u00a0\u00a0\u00a0\u00a0\u00a0\u00a0\u00a0\u00a0\u00a0\u00a0\u00a0\u00a0\u00a0\u00a0\u00a0\u00a0\u00a0 O Dr. Nilton Santos Paschoal, Delegado Seccional de Pol\u00edcia de Dracena, no uso de suas atribui\u00e7\u00f5es legais, \u00a0\u00a0\u00a0\u00a0\u00a0\u00a0\u00a0\u00a0\u00a0\u00a0\u00a0\u00a0\u00a0\u00a0\u00a0\u00a0\u00a0\u00a0\u00a0\u00a0\u00a0\u00a0\u00a0\u00a0\u00a0\u00a0\u00a0\u00a0\u00a0\u00a0\u00a0\u00a0\u00a0\u00a0\u00a0\u00a0\u00a0\u00a0\u00a0\u00a0\u00a0\u00a0\u00a0\u00a0\u00a0\u00a0 \u00a0\u00a0\u00a0\u00a0\u00a0\u00a0\u00a0\u00a0\u00a0\u00a0\u00a0 Faz saber pelo presente edital que o [&hellip;]<\/p>\n","protected":false},"author":1,"featured_media":13817,"comment_status":"closed","ping_status":"open","sticky":false,"template":"","format":"standard","meta":{"footnotes":""},"categories":[110,2],"tags":[],"class_list":["post-13816","post","type-post","status-publish","format-standard","has-post-thumbnail","hentry","category-noticiasdestaque","category-policial"],"_links":{"self":[{"href":"https:\/\/jorgezanoni.com.br\/2019\/wp-json\/wp\/v2\/posts\/13816","targetHints":{"allow":["GET"]}}],"collection":[{"href":"https:\/\/jorgezanoni.com.br\/2019\/wp-json\/wp\/v2\/posts"}],"about":[{"href":"https:\/\/jorgezanoni.com.br\/2019\/wp-json\/wp\/v2\/types\/post"}],"author":[{"embeddable":true,"href":"https:\/\/jorgezanoni.com.br\/2019\/wp-json\/wp\/v2\/users\/1"}],"replies":[{"embeddable":true,"href":"https:\/\/jorgezanoni.com.br\/2019\/wp-json\/wp\/v2\/comments?post=13816"}],"version-history":[{"count":0,"href":"https:\/\/jorgezanoni.com.br\/2019\/wp-json\/wp\/v2\/posts\/13816\/revisions"}],"wp:featuredmedia":[{"embeddable":true,"href":"https:\/\/jorgezanoni.com.br\/2019\/wp-json\/wp\/v2\/media\/13817"}],"wp:attachment":[{"href":"https:\/\/jorgezanoni.com.br\/2019\/wp-json\/wp\/v2\/media?parent=13816"}],"wp:term":[{"taxonomy":"category","embeddable":true,"href":"https:\/\/jorgezanoni.com.br\/2019\/wp-json\/wp\/v2\/categories?post=13816"},{"taxonomy":"post_tag","embeddable":true,"href":"https:\/\/jorgezanoni.com.br\/2019\/wp-json\/wp\/v2\/tags?post=13816"}],"curies":[{"name":"wp","href":"https:\/\/api.w.org\/{rel}","templated":true}]}}