{"id":13797,"date":"2019-12-12T11:48:10","date_gmt":"2019-12-12T11:48:10","guid":{"rendered":"https:\/\/jorgezanoni.com.br\/2019\/?p=13797"},"modified":"2019-12-12T11:48:10","modified_gmt":"2019-12-12T11:48:10","slug":"psicologia-da-unifadra-realiza-atividades-extracurriculares-com-os-alunos","status":"publish","type":"post","link":"https:\/\/jorgezanoni.com.br\/2019\/psicologia-da-unifadra-realiza-atividades-extracurriculares-com-os-alunos\/","title":{"rendered":"Psicologia da Unifadra realiza atividades extracurriculares com os alunos"},"content":{"rendered":"<p style=\"font-weight: 400; text-align: justify;\">Para finalizar o ano letivo, o curso de Psicologia da Faculdade Unifadra\/Fundec de Dracena desenvolveu cine debates, minicursos e workshops extracurriculares durante o m\u00eas de dezembro. O objetivo foi oferecer aos acad\u00eamicos oportunidades para desenvolver e aprofundar conhecimentos em diferentes temas: ansiedade, ado\u00e7\u00e3o, viv\u00eancias gest\u00e1lticas, direitos sociais, testes psicol\u00f3gicos, entre outros.<\/p>\n<p style=\"font-weight: 400; text-align: justify;\">Segundo a coordenadora Profa. Ma. Andr\u00e9a Frizo, essas atividades fortalecem a forma\u00e7\u00e3o dos acad\u00eamicos, criam ricos momentos de reflex\u00e3o e ampliam seus conhecimentos. Desta forma, o fechamento do ano letivo ganhou novas perspectivas, deixando de ser apenas um momento de avalia\u00e7\u00f5es, passando a ser um tempo para consolida\u00e7\u00e3o ou constru\u00e7\u00e3o de novos conhecimentos.<\/p>\n<p style=\"font-weight: 400; text-align: justify;\">Carolina Colnago<\/p>\n<p style=\"font-weight: 400; text-align: justify;\">Assessora de Comunica\u00e7\u00e3o da Fundec &#8211; Jornalista<\/p>\n","protected":false},"excerpt":{"rendered":"<p>Para finalizar o ano letivo, o curso de Psicologia da Faculdade Unifadra\/Fundec de Dracena desenvolveu cine debates, minicursos e workshops extracurriculares durante o m\u00eas de dezembro. O objetivo foi oferecer aos acad\u00eamicos oportunidades para desenvolver e aprofundar conhecimentos em diferentes temas: ansiedade, ado\u00e7\u00e3o, viv\u00eancias gest\u00e1lticas, direitos sociais, testes psicol\u00f3gicos, entre outros. Segundo a coordenadora Profa. [&hellip;]<\/p>\n","protected":false},"author":1,"featured_media":13798,"comment_status":"closed","ping_status":"open","sticky":false,"template":"","format":"standard","meta":{"footnotes":""},"categories":[122],"tags":[],"class_list":["post-13797","post","type-post","status-publish","format-standard","has-post-thumbnail","hentry","category-saudeeducacaoeconcurso"],"_links":{"self":[{"href":"https:\/\/jorgezanoni.com.br\/2019\/wp-json\/wp\/v2\/posts\/13797","targetHints":{"allow":["GET"]}}],"collection":[{"href":"https:\/\/jorgezanoni.com.br\/2019\/wp-json\/wp\/v2\/posts"}],"about":[{"href":"https:\/\/jorgezanoni.com.br\/2019\/wp-json\/wp\/v2\/types\/post"}],"author":[{"embeddable":true,"href":"https:\/\/jorgezanoni.com.br\/2019\/wp-json\/wp\/v2\/users\/1"}],"replies":[{"embeddable":true,"href":"https:\/\/jorgezanoni.com.br\/2019\/wp-json\/wp\/v2\/comments?post=13797"}],"version-history":[{"count":0,"href":"https:\/\/jorgezanoni.com.br\/2019\/wp-json\/wp\/v2\/posts\/13797\/revisions"}],"wp:featuredmedia":[{"embeddable":true,"href":"https:\/\/jorgezanoni.com.br\/2019\/wp-json\/wp\/v2\/media\/13798"}],"wp:attachment":[{"href":"https:\/\/jorgezanoni.com.br\/2019\/wp-json\/wp\/v2\/media?parent=13797"}],"wp:term":[{"taxonomy":"category","embeddable":true,"href":"https:\/\/jorgezanoni.com.br\/2019\/wp-json\/wp\/v2\/categories?post=13797"},{"taxonomy":"post_tag","embeddable":true,"href":"https:\/\/jorgezanoni.com.br\/2019\/wp-json\/wp\/v2\/tags?post=13797"}],"curies":[{"name":"wp","href":"https:\/\/api.w.org\/{rel}","templated":true}]}}