{"id":13786,"date":"2019-12-12T11:08:33","date_gmt":"2019-12-12T11:08:33","guid":{"rendered":"https:\/\/jorgezanoni.com.br\/2019\/?p=13786"},"modified":"2019-12-12T11:08:33","modified_gmt":"2019-12-12T11:08:33","slug":"policia-civil-desencadeia-operacao-vila-romana-em-londrina-para-prender-ladroes-de-condominio","status":"publish","type":"post","link":"https:\/\/jorgezanoni.com.br\/2019\/policia-civil-desencadeia-operacao-vila-romana-em-londrina-para-prender-ladroes-de-condominio\/","title":{"rendered":"Pol\u00edcia Civil desencadeia \u201cOpera\u00e7\u00e3o Vila Romana\u201d em Londrina para prender ladr\u00f5es de condom\u00ednio"},"content":{"rendered":"<p style=\"text-align: justify;\"><strong>Ladr\u00f5es suspeitos de terem furtado v\u00e1rias resid\u00eancias no Residencial Vila Romana em Dracena e Junqueir\u00f3polis, foram presos na cidade paranaense.<\/strong><\/p>\n<div style=\"width: 640px;\" class=\"wp-video\"><video class=\"wp-video-shortcode\" id=\"video-13786-1\" width=\"640\" height=\"352\" preload=\"metadata\" controls=\"controls\"><source type=\"video\/mp4\" src=\"https:\/\/jorgezanoni.com.br\/2019\/wp-content\/uploads\/2019\/12\/WhatsApp-Video-2019-12-12-at-07.27.20.mp4?_=1\" \/><a href=\"https:\/\/jorgezanoni.com.br\/2019\/wp-content\/uploads\/2019\/12\/WhatsApp-Video-2019-12-12-at-07.27.20.mp4\">https:\/\/jorgezanoni.com.br\/2019\/wp-content\/uploads\/2019\/12\/WhatsApp-Video-2019-12-12-at-07.27.20.mp4<\/a><\/video><\/div>\n<p>V\u00eddeo cedido\/Pol\u00edcia Civil.<\/p>\n<p style=\"text-align: justify;\">A Pol\u00edcia Civil do Estado de S\u00e3o Paulo, por interm\u00e9dio das unidades especializadas de Dracena (Delegacia de Investiga\u00e7\u00f5es Gerais &#8211; DIG, Delegacia de Investiga\u00e7\u00f5es Sobre Entorpecentes &#8211; DISE e Centro de Intelig\u00eancia Policial &#8211; CIP), contando ainda com o apoio operacional dos Grupos de Opera\u00e7\u00f5es Especiais (Dracena, Adamantina e Presidente Venceslau) e da Pol\u00edcia Civil do Estado do Paran\u00e1, desencadeou na manh\u00e3 desta quinta-feira (12), a \u201cOpera\u00e7\u00e3o Vila Romana\u201d, com objetivo de prender indiv\u00edduos suspeitos de serem os furtadores de um condom\u00ednio residencial em Dracena e tamb\u00e9m recuperar objetos furtados que foram subtra\u00eddos na ocasi\u00e3o dos fatos. A sequ\u00eancia de furtos no residencial aconteceu no m\u00eas novembro.<br \/>\nEmpregando t\u00e9cnicas de investiga\u00e7\u00e3o policial, com m\u00e9todos de intelig\u00eancia, a Policia Civil constatou que os suspeitos eram oriundos da cidade de Londrina-PR. Diante, as fundadas suspeitas do cometimento do delito, a Pol\u00edcia Civil representou pela expedi\u00e7\u00e3o de dois mandados pris\u00e3o tempor\u00e1rias e seis mandados de busca e apreens\u00e3o domiciliar, os quais tiveram parecer favor\u00e1vel do Minist\u00e9rio P\u00fablico e deferidos pelo Poder Judici\u00e1rio. Foram cumprido dois mandados de pris\u00e3o tempor\u00e1ria, dois homens 24 anos e 41 anos, objetos foram apreendidos para posterior reconhecimentos das v\u00edtimas. Os indiv\u00edduos tamb\u00e9m s\u00e3o suspeitos de terem praticado furtos em resid\u00eancias de cond\u00f4minos nas cidades de Junqueir\u00f3polis e Adamantina.<\/p>\n<p style=\"text-align: justify;\">Os presos ser\u00e3o transferidos para sede da Unidades Especializadas em Dracena.<\/p>\n<p><img loading=\"lazy\" decoding=\"async\" class=\"alignnone size-full wp-image-13789\" src=\"https:\/\/jorgezanoni.com.br\/2019\/wp-content\/uploads\/2019\/12\/Londrina1.jpg\" alt=\"\" width=\"1280\" height=\"720\" srcset=\"https:\/\/jorgezanoni.com.br\/2019\/wp-content\/uploads\/2019\/12\/Londrina1.jpg 1280w, https:\/\/jorgezanoni.com.br\/2019\/wp-content\/uploads\/2019\/12\/Londrina1-300x169.jpg 300w, https:\/\/jorgezanoni.com.br\/2019\/wp-content\/uploads\/2019\/12\/Londrina1-768x432.jpg 768w, https:\/\/jorgezanoni.com.br\/2019\/wp-content\/uploads\/2019\/12\/Londrina1-1024x576.jpg 1024w, https:\/\/jorgezanoni.com.br\/2019\/wp-content\/uploads\/2019\/12\/Londrina1-696x392.jpg 696w, https:\/\/jorgezanoni.com.br\/2019\/wp-content\/uploads\/2019\/12\/Londrina1-1068x601.jpg 1068w, https:\/\/jorgezanoni.com.br\/2019\/wp-content\/uploads\/2019\/12\/Londrina1-747x420.jpg 747w\" sizes=\"auto, (max-width: 1280px) 100vw, 1280px\" \/><\/p>\n<p>Fonte: Com. Social Pol\u00edcia Civil<\/p>\n","protected":false},"excerpt":{"rendered":"<p>Ladr\u00f5es suspeitos de terem furtado v\u00e1rias resid\u00eancias no Residencial Vila Romana em Dracena e Junqueir\u00f3polis, foram presos na cidade paranaense. V\u00eddeo cedido\/Pol\u00edcia Civil. A Pol\u00edcia Civil do Estado de S\u00e3o Paulo, por interm\u00e9dio das unidades especializadas de Dracena (Delegacia de Investiga\u00e7\u00f5es Gerais &#8211; DIG, Delegacia de Investiga\u00e7\u00f5es Sobre Entorpecentes &#8211; DISE e Centro de Intelig\u00eancia [&hellip;]<\/p>\n","protected":false},"author":1,"featured_media":13788,"comment_status":"closed","ping_status":"open","sticky":false,"template":"","format":"video","meta":{"footnotes":""},"categories":[110,169],"tags":[],"class_list":["post-13786","post","type-post","status-publish","format-video","has-post-thumbnail","hentry","category-noticiasdestaque","category-videos","post_format-post-format-video"],"_links":{"self":[{"href":"https:\/\/jorgezanoni.com.br\/2019\/wp-json\/wp\/v2\/posts\/13786","targetHints":{"allow":["GET"]}}],"collection":[{"href":"https:\/\/jorgezanoni.com.br\/2019\/wp-json\/wp\/v2\/posts"}],"about":[{"href":"https:\/\/jorgezanoni.com.br\/2019\/wp-json\/wp\/v2\/types\/post"}],"author":[{"embeddable":true,"href":"https:\/\/jorgezanoni.com.br\/2019\/wp-json\/wp\/v2\/users\/1"}],"replies":[{"embeddable":true,"href":"https:\/\/jorgezanoni.com.br\/2019\/wp-json\/wp\/v2\/comments?post=13786"}],"version-history":[{"count":0,"href":"https:\/\/jorgezanoni.com.br\/2019\/wp-json\/wp\/v2\/posts\/13786\/revisions"}],"wp:featuredmedia":[{"embeddable":true,"href":"https:\/\/jorgezanoni.com.br\/2019\/wp-json\/wp\/v2\/media\/13788"}],"wp:attachment":[{"href":"https:\/\/jorgezanoni.com.br\/2019\/wp-json\/wp\/v2\/media?parent=13786"}],"wp:term":[{"taxonomy":"category","embeddable":true,"href":"https:\/\/jorgezanoni.com.br\/2019\/wp-json\/wp\/v2\/categories?post=13786"},{"taxonomy":"post_tag","embeddable":true,"href":"https:\/\/jorgezanoni.com.br\/2019\/wp-json\/wp\/v2\/tags?post=13786"}],"curies":[{"name":"wp","href":"https:\/\/api.w.org\/{rel}","templated":true}]}}