{"id":13771,"date":"2019-12-12T01:07:03","date_gmt":"2019-12-12T01:07:03","guid":{"rendered":"https:\/\/jorgezanoni.com.br\/2019\/?p=13771"},"modified":"2019-12-12T01:07:03","modified_gmt":"2019-12-12T01:07:03","slug":"diretoria-de-penitenciaria-e-trocada-apos-operacao-de-revista-apreender-quase-300-celulares-no-interior-de-sp","status":"publish","type":"post","link":"https:\/\/jorgezanoni.com.br\/2019\/diretoria-de-penitenciaria-e-trocada-apos-operacao-de-revista-apreender-quase-300-celulares-no-interior-de-sp\/","title":{"rendered":"Diretoria de penitenci\u00e1ria \u00e9 trocada ap\u00f3s opera\u00e7\u00e3o de revista apreender quase 300 celulares no interior de SP"},"content":{"rendered":"<h2 class=\"content-head__subtitle\" style=\"text-align: justify;\"><strong>Medida foi anunciada ap\u00f3s resultado de revista de rotina no CPP-2 de Bauru (SP), onde tamb\u00e9m foram apreendidos acess\u00f3rios de telefonia, drogas e at\u00e9 m\u00e1quinas profissionais para tatuagem. Mais de 130 detentos perderam direito ao semiaberto.<\/strong><\/h2>\n<div class=\"mc-column content-text active-extra-styles \" data-block-type=\"unstyled\" data-block-weight=\"48\" data-block-id=\"2\">\n<p class=\"content-text__container \" style=\"text-align: justify;\" data-track-category=\"Link no Texto\" data-track-links=\"\">A diretoria do Centro de Progress\u00e3o Penitenci\u00e1ria (CPP-2), de Bauru (SP), n\u00e3o resistiu ao resultado de uma opera\u00e7\u00e3o de revista de rotina realizada no in\u00edcio da semana e foi trocada depois que foram\u00a0<a href=\"https:\/\/g1.globo.com\/sp\/bauru-marilia\/noticia\/2019\/12\/10\/agentes-encontram-quase-300-celulares-durante-revista-de-rotina-em-penitenciaria-do-interior-de-sp.ghtml\">encontrados quase 300 aparelhos celulares\u00a0<\/a>nos pavilh\u00f5es da unidade que abriga detentos do sistema semiaberto.<\/p>\n<\/div>\n<div class=\"wall protected-content\">\n<div class=\"mc-column content-text active-extra-styles \" style=\"text-align: justify;\" data-block-type=\"unstyled\" data-block-weight=\"42\" data-block-id=\"3\">\n<p class=\"content-text__container \" data-track-category=\"Link no Texto\" data-track-links=\"\">Nesta quarta-feira (11), a Secretaria de Administra\u00e7\u00e3o Penitenci\u00e1ria (SAP) confirmou a troca de comando na dire\u00e7\u00e3o da unidade. Quem assume a diretoria do pres\u00eddio \u00e9 Fernando Henrique de Melo Santada, que era diretor de Trabalho e Educa\u00e7\u00e3o do CPP-3, tamb\u00e9m de Bauru.<\/p>\n<\/div>\n<div class=\"mc-column content-text active-extra-styles \" style=\"text-align: justify;\" data-block-type=\"unstyled\" data-block-weight=\"28\" data-block-id=\"4\">\n<p class=\"content-text__container \" data-track-category=\"Link no Texto\" data-track-links=\"\">Ainda como resultado da opera\u00e7\u00e3o de revista, 135 presos perderam o direito \u00e0 progress\u00e3o penal para o semiaberto e foram removidos da unidade para voltarem ao regime fechado.<\/p>\n<\/div>\n<div class=\"mc-column content-text active-extra-styles \" style=\"text-align: justify;\" data-block-type=\"unstyled\" data-block-weight=\"25\" data-block-id=\"6\">\n<p class=\"content-text__container \" data-track-category=\"Link no Texto\" data-track-links=\"\">Al\u00e9m dos 289 aparelhos celulares, foram encontrados e apreendidos diversos acess\u00f3rios ligados \u00e0 telefonia, drogas e at\u00e9 m\u00e1quinas profissionais para tatuagem.\u00a0<strong><em>(veja lista completa abaixo)<\/em><\/strong><\/p>\n<\/div>\n<div class=\"mc-column content-text active-extra-styles \" style=\"text-align: justify;\" data-block-type=\"unstyled\" data-block-weight=\"21\" data-block-id=\"7\">\n<p class=\"content-text__container \" data-track-category=\"Link no Texto\" data-track-links=\"\">A SAP informou ainda que foram instaurados procedimentos disciplinares para investigar como esse material foi parar dentro da unidade penitenci\u00e1ria.<\/p>\n<\/div>\n<div class=\"mc-column content-text active-extra-styles \" style=\"text-align: justify;\" data-block-type=\"unstyled\" data-block-weight=\"21\" data-block-id=\"8\">\n<p class=\"content-text__container \" data-track-category=\"Link no Texto\" data-track-links=\"\">O CPP-2 tem capacidade para 1.706 detentos, mas atualmente abriga 2.558 presos, segundo dados da SAP fechados em 4 de dezembro.<\/p>\n<\/div>\n<div class=\"mc-column content-text active-extra-styles\" data-block-type=\"raw\" data-block-weight=\"4\" data-block-id=\"9\">\n<div class=\"content-intertitle\">\n<h2 style=\"text-align: justify;\">Lista do material apreendido<\/h2>\n<\/div>\n<\/div>\n<div class=\"mc-column content-text active-extra-styles\" data-block-type=\"raw\" data-block-weight=\"105\" data-block-id=\"10\">\n<ul class=\"content-unordered-list\">\n<li>289 aparelhos celulares<\/li>\n<li>96 baterias p\/ celular<\/li>\n<li>78 chips p\/ celular de diversas operadoras<\/li>\n<li>199 fones de ouvido<\/li>\n<li>364 carregadores de celular<\/li>\n<li>75 capas de celular<\/li>\n<li>8 cabos com conex\u00e3o USB<\/li>\n<li>640 inv\u00f3lucros de maconha<\/li>\n<li>179 inv\u00f3lucros de coca\u00edna<\/li>\n<li>7 tijolos de maconha<\/li>\n<li>21 comprimidos de estimulantes sexuais<\/li>\n<li>39 comprimidos (n\u00e3o identificados)<\/li>\n<li>5 balan\u00e7as de precis\u00e3o<\/li>\n<li>7 notas de dinheiro<\/li>\n<li>1 moeda<\/li>\n<li>3 peda\u00e7os de serra para metal<\/li>\n<li>8 adaptadores para cart\u00e3o de mem\u00f3ria<\/li>\n<li>21 pendrive<\/li>\n<li>1 cart\u00f5es de mem\u00f3ria<\/li>\n<li>2 facas artesanais<\/li>\n<li>3 correntes de bijuteria<\/li>\n<li>2 pilhas AAA<\/li>\n<li>1 bateria recarreg\u00e1vel<\/li>\n<li>1 dichavador de fumo<\/li>\n<li>2 m\u00e1quinas profissionais c\/acess\u00f3rios e tinta para tatuagem<\/li>\n<\/ul>\n<\/div>\n<div data-track-category=\"multicontent\" data-track-action=\"ultimo chunk conteudo\" data-track-noninteraction=\"false\" data-track-scroll=\"view\">\n<div class=\"mc-column content-text active-extra-styles \" data-block-type=\"unstyled\" data-block-weight=\"10\" data-block-id=\"11\">\n<p class=\"content-text__container \" data-track-category=\"Link no Texto\" data-track-links=\"\"><i>Fonte: G1<\/i><\/p>\n<\/div>\n<\/div>\n<\/div>\n","protected":false},"excerpt":{"rendered":"<p>Medida foi anunciada ap\u00f3s resultado de revista de rotina no CPP-2 de Bauru (SP), onde tamb\u00e9m foram apreendidos acess\u00f3rios de telefonia, drogas e at\u00e9 m\u00e1quinas profissionais para tatuagem. Mais de 130 detentos perderam direito ao semiaberto. A diretoria do Centro de Progress\u00e3o Penitenci\u00e1ria (CPP-2), de Bauru (SP), n\u00e3o resistiu ao resultado de uma opera\u00e7\u00e3o de [&hellip;]<\/p>\n","protected":false},"author":1,"featured_media":13772,"comment_status":"closed","ping_status":"open","sticky":false,"template":"","format":"standard","meta":{"footnotes":""},"categories":[110,2],"tags":[],"class_list":["post-13771","post","type-post","status-publish","format-standard","has-post-thumbnail","hentry","category-noticiasdestaque","category-policial"],"_links":{"self":[{"href":"https:\/\/jorgezanoni.com.br\/2019\/wp-json\/wp\/v2\/posts\/13771","targetHints":{"allow":["GET"]}}],"collection":[{"href":"https:\/\/jorgezanoni.com.br\/2019\/wp-json\/wp\/v2\/posts"}],"about":[{"href":"https:\/\/jorgezanoni.com.br\/2019\/wp-json\/wp\/v2\/types\/post"}],"author":[{"embeddable":true,"href":"https:\/\/jorgezanoni.com.br\/2019\/wp-json\/wp\/v2\/users\/1"}],"replies":[{"embeddable":true,"href":"https:\/\/jorgezanoni.com.br\/2019\/wp-json\/wp\/v2\/comments?post=13771"}],"version-history":[{"count":0,"href":"https:\/\/jorgezanoni.com.br\/2019\/wp-json\/wp\/v2\/posts\/13771\/revisions"}],"wp:featuredmedia":[{"embeddable":true,"href":"https:\/\/jorgezanoni.com.br\/2019\/wp-json\/wp\/v2\/media\/13772"}],"wp:attachment":[{"href":"https:\/\/jorgezanoni.com.br\/2019\/wp-json\/wp\/v2\/media?parent=13771"}],"wp:term":[{"taxonomy":"category","embeddable":true,"href":"https:\/\/jorgezanoni.com.br\/2019\/wp-json\/wp\/v2\/categories?post=13771"},{"taxonomy":"post_tag","embeddable":true,"href":"https:\/\/jorgezanoni.com.br\/2019\/wp-json\/wp\/v2\/tags?post=13771"}],"curies":[{"name":"wp","href":"https:\/\/api.w.org\/{rel}","templated":true}]}}