{"id":13751,"date":"2019-12-12T00:13:38","date_gmt":"2019-12-12T00:13:38","guid":{"rendered":"https:\/\/jorgezanoni.com.br\/2019\/?p=13751"},"modified":"2019-12-12T00:13:38","modified_gmt":"2019-12-12T00:13:38","slug":"quatro-cidades-do-oeste-paulista-tem-concursos-publicos-e-processos-seletivos-com-inscricoes-abertas","status":"publish","type":"post","link":"https:\/\/jorgezanoni.com.br\/2019\/quatro-cidades-do-oeste-paulista-tem-concursos-publicos-e-processos-seletivos-com-inscricoes-abertas\/","title":{"rendered":"Quatro cidades do Oeste Paulista t\u00eam concursos p\u00fablicos e processos seletivos com inscri\u00e7\u00f5es abertas"},"content":{"rendered":"<h2 class=\"content-head__subtitle\" style=\"text-align: justify;\"><strong>Sal\u00e1rios oferecidos podem passar dos R$ 5 mil. Interessados devem se cadastrar pela internet.<\/strong><\/h2>\n<div class=\"mc-column content-text active-extra-styles \" data-block-type=\"unstyled\" data-block-weight=\"19\" data-block-id=\"2\">\n<p class=\"content-text__container \" style=\"text-align: justify;\" data-track-category=\"Link no Texto\" data-track-links=\"\">Quatro cidades do Oeste Paulista t\u00eam concursos p\u00fablicos e processos seletivos com inscri\u00e7\u00f5es abertas nesta semana. Confira as oportunidades:<\/p>\n<\/div>\n<div class=\"wall protected-content\">\n<div class=\"mc-column content-text active-extra-styles\" style=\"text-align: justify;\" data-block-type=\"raw\" data-block-weight=\"1\" data-block-id=\"3\">\n<div class=\"content-intertitle\">\n<h2>Rosana<\/h2>\n<\/div>\n<\/div>\n<div class=\"mc-column content-text active-extra-styles \" style=\"text-align: justify;\" data-block-type=\"unstyled\" data-block-weight=\"36\" data-block-id=\"4\">\n<p class=\"content-text__container \" data-track-category=\"Link no Texto\" data-track-links=\"\">O Cons\u00f3rcio Intermunicipal do Oeste Paulista (Ciop) abriu concurso p\u00fablico para preenchimento de vagas do quadro de pessoal para os cargos de auxiliar administrativo, auxiliar de enfermagem, auxiliar de enfermagem, enfermeiro, farmac\u00eautico, motorista e terapeuta ocupacional.<\/p>\n<\/div>\n<div class=\"mc-column content-text active-extra-styles \" style=\"text-align: justify;\" data-block-type=\"unstyled\" data-block-weight=\"6\" data-block-id=\"5\">\n<p class=\"content-text__container \" data-track-category=\"Link no Texto\" data-track-links=\"\">Os profissionais dever\u00e3o atuar em\u00a0<a href=\"https:\/\/g1.globo.com\/sp\/presidente-prudente-regiao\/cidade\/rosana\/\">Rosana<\/a>.<\/p>\n<\/div>\n<div class=\"mc-column content-text active-extra-styles \" style=\"text-align: justify;\" data-block-type=\"unstyled\" data-block-weight=\"22\" data-block-id=\"6\">\n<p class=\"content-text__container \" data-track-category=\"Link no Texto\" data-track-links=\"\">As inscri\u00e7\u00f5es podem ser realizadas at\u00e9 29 de dezembro pela\u00a0<a href=\"https:\/\/www.consesp.com.br\/site\/index.php?pg=concursos\/info&amp;codigo=3400\" target=\"_blank\" rel=\"noopener noreferrer\">internet<\/a>. A taxa de inscri\u00e7\u00e3o varia de R$ 35 a R$ 70.<\/p>\n<\/div>\n<div class=\"mc-column content-text active-extra-styles \" style=\"text-align: justify;\" data-block-type=\"unstyled\" data-block-weight=\"12\" data-block-id=\"7\">\n<p class=\"content-text__container \" data-track-category=\"Link no Texto\" data-track-links=\"\">Os sal\u00e1rios v\u00e3o de R$ 1.226,09 a R$ 2.558,27, segundo o\u00a0<a href=\"https:\/\/www.consesp.com.br\/imagens_arquivos\/concursos\/arquivos\/3400_cioppresidenteprudente0052019rosana.pdf\" target=\"_blank\" rel=\"noopener noreferrer\">edital<\/a>.<\/p>\n<\/div>\n<div class=\"mc-column content-text active-extra-styles\" style=\"text-align: justify;\" data-block-type=\"raw\" data-block-weight=\"2\" data-block-id=\"8\">\n<div class=\"content-intertitle\">\n<h2>Presidente Prudente<\/h2>\n<\/div>\n<\/div>\n<div class=\"mc-column content-text active-extra-styles \" style=\"text-align: justify;\" data-block-type=\"unstyled\" data-block-weight=\"25\" data-block-id=\"9\">\n<p class=\"content-text__container \" data-track-category=\"Link no Texto\" data-track-links=\"\">O Conselho Regional de Fisioterapia e Terapia Ocupacional da 3\u00aa Regi\u00e3o (Crefito 3) abriu concurso p\u00fablico v\u00e1lido por dois anos para a contrata\u00e7\u00e3o de fiscais.<\/p>\n<p data-track-category=\"Link no Texto\" data-track-links=\"\"><img loading=\"lazy\" decoding=\"async\" class=\"alignnone size-full wp-image-13753\" src=\"https:\/\/jorgezanoni.com.br\/2019\/wp-content\/uploads\/2019\/12\/Grion-Seguros.gif\" alt=\"\" width=\"300\" height=\"100\" \/><\/p>\n<\/div>\n<div class=\"mc-column content-text active-extra-styles \" style=\"text-align: justify;\" data-block-type=\"unstyled\" data-block-weight=\"5\" data-block-id=\"11\">\n<p class=\"content-text__container \" data-track-category=\"Link no Texto\" data-track-links=\"\">H\u00e1 oportunidades em\u00a0<a href=\"https:\/\/g1.globo.com\/sp\/presidente-prudente-regiao\/cidade\/presidente-prudente\/\">Presidente Prudente<\/a>.<\/p>\n<\/div>\n<div class=\"mc-column content-text active-extra-styles \" style=\"text-align: justify;\" data-block-type=\"unstyled\" data-block-weight=\"17\" data-block-id=\"12\">\n<p class=\"content-text__container \" data-track-category=\"Link no Texto\" data-track-links=\"\">Os interessados devem ter ensino superior completo em fisioterapia ou terapia ocupacional e registro ativo no \u00f3rg\u00e3o.<\/p>\n<\/div>\n<div class=\"mc-column content-text active-extra-styles \" style=\"text-align: justify;\" data-block-type=\"unstyled\" data-block-weight=\"19\" data-block-id=\"13\">\n<p class=\"content-text__container \" data-track-category=\"Link no Texto\" data-track-links=\"\">A jornada de trabalho \u00e9 de 40 horas semanais com sal\u00e1rio no valor de R$ 5.599,80, conforme o\u00a0<a href=\"https:\/\/documento.vunesp.com.br\/documento\/stream\/MTQyNzg0NQ%3d%3d\" target=\"_blank\" rel=\"noopener noreferrer\">edital<\/a>.<\/p>\n<\/div>\n<div class=\"mc-column content-text active-extra-styles \" style=\"text-align: justify;\" data-block-type=\"unstyled\" data-block-weight=\"15\" data-block-id=\"14\">\n<p class=\"content-text__container \" data-track-category=\"Link no Texto\" data-track-links=\"\">As inscri\u00e7\u00f5es custam R$ 82,20 e devem ser feitas pela\u00a0<a href=\"https:\/\/www.vunesp.com.br\/CRFT1902\" target=\"_blank\" rel=\"noopener noreferrer\">internet\u00a0<\/a>at\u00e9 12 de dezembro.<\/p>\n<\/div>\n<div class=\"mc-column content-text active-extra-styles \" style=\"text-align: justify;\" data-block-type=\"unstyled\" data-block-weight=\"28\" data-block-id=\"15\">\n<p class=\"content-text__container \" data-track-category=\"Link no Texto\" data-track-links=\"\">A Escola T\u00e9cnica Estadual (Etec) Professor Adolpho Arruda Mello de Presidente Prudente abriu tr\u00eas processos seletivos para forma\u00e7\u00e3o de cadastro reserva de professor dos ensinos m\u00e9dio e t\u00e9cnico.<\/p>\n<\/div>\n<div class=\"mc-column content-text active-extra-styles \" style=\"text-align: justify;\" data-block-type=\"unstyled\" data-block-weight=\"39\" data-block-id=\"16\">\n<p class=\"content-text__container \" data-track-category=\"Link no Texto\" data-track-links=\"\">As inscri\u00e7\u00f5es podem ser realizadas at\u00e9 o dia 13 de dezembro de 2019, na pr\u00f3pria escola, localizada na rua Ribeiro de Barros, n\u00ba 1.770, na Vila Dubus, em Presidente Prudente, das 8h \u00e0s 12h e das 13h \u00e0s 16h.<\/p>\n<\/div>\n<div class=\"mc-column content-text active-extra-styles\" style=\"text-align: justify;\" data-block-type=\"raw\" data-block-weight=\"2\" data-block-id=\"17\">\n<div class=\"content-intertitle\">\n<h2>Jo\u00e3o Ramalho<\/h2>\n<\/div>\n<\/div>\n<div class=\"mc-column content-text active-extra-styles \" style=\"text-align: justify;\" data-block-type=\"unstyled\" data-block-weight=\"11\" data-block-id=\"18\">\n<p class=\"content-text__container \" data-track-category=\"Link no Texto\" data-track-links=\"\">A Prefeitura de\u00a0<a href=\"https:\/\/g1.globo.com\/sp\/bauru-marilia\/cidade\/joao-ramalho\/\">Jo\u00e3o Ramalho<\/a>\u00a0abriu processo seletivo para contratar professores.<\/p>\n<\/div>\n<div class=\"mc-column content-text active-extra-styles \" style=\"text-align: justify;\" data-block-type=\"unstyled\" data-block-weight=\"18\" data-block-id=\"19\">\n<p class=\"content-text__container \" data-track-category=\"Link no Texto\" data-track-links=\"\">A carga hor\u00e1ria \u00e9 de 30 horas semanais, com remunera\u00e7\u00e3o que varia de R$ 2.011,93 a R$ 2.335,48.<\/p>\n<\/div>\n<div class=\"mc-column content-text active-extra-styles \" style=\"text-align: justify;\" data-block-type=\"unstyled\" data-block-weight=\"24\" data-block-id=\"20\">\n<p class=\"content-text__container \" data-track-category=\"Link no Texto\" data-track-links=\"\">As inscri\u00e7\u00f5es podem ser feitas pela\u00a0<a href=\"https:\/\/www.consesp.com.br\/site\/index.php?pg=concursos\/info&amp;codigo=3398\" target=\"_blank\" rel=\"noopener noreferrer\">internet\u00a0<\/a>de 12 a 22 de dezembro. A taxa de cadastro \u00e9 de R$ 30, segundo o\u00a0<a href=\"https:\/\/www.consesp.com.br\/imagens_arquivos\/concursos\/arquivos\/3398_joaoramalho0012019processo.pdf\" target=\"_blank\" rel=\"noopener noreferrer\">edital<\/a>.<\/p>\n<\/div>\n<div class=\"mc-column content-text active-extra-styles\" style=\"text-align: justify;\" data-block-type=\"raw\" data-block-weight=\"2\" data-block-id=\"21\">\n<div class=\"content-intertitle\">\n<h2>Presidente Epit\u00e1cio<\/h2>\n<\/div>\n<\/div>\n<div class=\"mc-column content-text active-extra-styles \" style=\"text-align: justify;\" data-block-type=\"unstyled\" data-block-weight=\"14\" data-block-id=\"22\">\n<p class=\"content-text__container \" data-track-category=\"Link no Texto\" data-track-links=\"\">A Prefeitura de\u00a0<a href=\"https:\/\/g1.globo.com\/sp\/presidente-prudente-regiao\/cidade\/presidente-epitacio\/\">Presidente Epit\u00e1cio<\/a>\u00a0abriu processo seletivo para contrata\u00e7\u00e3o de dois bombeiros municipais.<\/p>\n<\/div>\n<div class=\"mc-column content-text active-extra-styles \" style=\"text-align: justify;\" data-block-type=\"unstyled\" data-block-weight=\"25\" data-block-id=\"23\">\n<p class=\"content-text__container \" data-track-category=\"Link no Texto\" data-track-links=\"\">Os profissionais v\u00e3o atuar em jornada de 12x36h e receber remunera\u00e7\u00e3o de R$ 1.137,72, mais R$ 325 de aux\u00edlio-alimenta\u00e7\u00e3o que \u00e9 proporcional aos dias trabalhados. (continua depois da publicidade).<\/p>\n<p data-track-category=\"Link no Texto\" data-track-links=\"\"><img loading=\"lazy\" decoding=\"async\" class=\"alignnone size-full wp-image-13752\" src=\"https:\/\/jorgezanoni.com.br\/2019\/wp-content\/uploads\/2019\/12\/Farmais.png\" alt=\"\" width=\"300\" height=\"150\" \/><\/p>\n<\/div>\n<div class=\"mc-column content-text active-extra-styles \" style=\"text-align: justify;\" data-block-type=\"unstyled\" data-block-weight=\"13\" data-block-id=\"25\">\n<p class=\"content-text__container \" data-track-category=\"Link no Texto\" data-track-links=\"\">As inscri\u00e7\u00f5es podem ser feitas pela\u00a0<a href=\"https:\/\/www.unisisp.com.br\/site\/index.php?pg=concursos\/info&amp;codigo=122\" target=\"_blank\" rel=\"noopener noreferrer\">internet\u00a0<\/a>at\u00e9 o dia 15 de dezembro.<\/p>\n<\/div>\n<div class=\"mc-column content-text active-extra-styles \" data-block-type=\"unstyled\" data-block-weight=\"11\" data-block-id=\"26\">\n<p class=\"content-text__container \" style=\"text-align: justify;\" data-track-category=\"Link no Texto\" data-track-links=\"\">Segundo o\u00a0<a href=\"https:\/\/www.unisisp.com.br\/imagens_arquivos\/concursos\/arquivos\/122_presidenteepitacio_ps_003_2019_edital_3.pdf\" target=\"_blank\" rel=\"noopener noreferrer\">edital<\/a>, a taxa de inscri\u00e7\u00e3o \u00e9 de R$ 19.<\/p>\n<p style=\"text-align: justify;\" data-track-category=\"Link no Texto\" data-track-links=\"\">Fonte: G1<\/p>\n<\/div>\n<\/div>\n","protected":false},"excerpt":{"rendered":"<p>Sal\u00e1rios oferecidos podem passar dos R$ 5 mil. Interessados devem se cadastrar pela internet. Quatro cidades do Oeste Paulista t\u00eam concursos p\u00fablicos e processos seletivos com inscri\u00e7\u00f5es abertas nesta semana. Confira as oportunidades: Rosana O Cons\u00f3rcio Intermunicipal do Oeste Paulista (Ciop) abriu concurso p\u00fablico para preenchimento de vagas do quadro de pessoal para os cargos [&hellip;]<\/p>\n","protected":false},"author":1,"featured_media":13754,"comment_status":"closed","ping_status":"open","sticky":false,"template":"","format":"standard","meta":{"footnotes":""},"categories":[122],"tags":[],"class_list":["post-13751","post","type-post","status-publish","format-standard","has-post-thumbnail","hentry","category-saudeeducacaoeconcurso"],"_links":{"self":[{"href":"https:\/\/jorgezanoni.com.br\/2019\/wp-json\/wp\/v2\/posts\/13751","targetHints":{"allow":["GET"]}}],"collection":[{"href":"https:\/\/jorgezanoni.com.br\/2019\/wp-json\/wp\/v2\/posts"}],"about":[{"href":"https:\/\/jorgezanoni.com.br\/2019\/wp-json\/wp\/v2\/types\/post"}],"author":[{"embeddable":true,"href":"https:\/\/jorgezanoni.com.br\/2019\/wp-json\/wp\/v2\/users\/1"}],"replies":[{"embeddable":true,"href":"https:\/\/jorgezanoni.com.br\/2019\/wp-json\/wp\/v2\/comments?post=13751"}],"version-history":[{"count":0,"href":"https:\/\/jorgezanoni.com.br\/2019\/wp-json\/wp\/v2\/posts\/13751\/revisions"}],"wp:featuredmedia":[{"embeddable":true,"href":"https:\/\/jorgezanoni.com.br\/2019\/wp-json\/wp\/v2\/media\/13754"}],"wp:attachment":[{"href":"https:\/\/jorgezanoni.com.br\/2019\/wp-json\/wp\/v2\/media?parent=13751"}],"wp:term":[{"taxonomy":"category","embeddable":true,"href":"https:\/\/jorgezanoni.com.br\/2019\/wp-json\/wp\/v2\/categories?post=13751"},{"taxonomy":"post_tag","embeddable":true,"href":"https:\/\/jorgezanoni.com.br\/2019\/wp-json\/wp\/v2\/tags?post=13751"}],"curies":[{"name":"wp","href":"https:\/\/api.w.org\/{rel}","templated":true}]}}