{"id":13731,"date":"2019-12-11T22:46:40","date_gmt":"2019-12-11T22:46:40","guid":{"rendered":"https:\/\/jorgezanoni.com.br\/2019\/?p=13731"},"modified":"2019-12-11T22:46:40","modified_gmt":"2019-12-11T22:46:40","slug":"procurado-pela-justica-homem-e-preso-em-onibus-de-linha-em-tupi-paulista-pela-pmr","status":"publish","type":"post","link":"https:\/\/jorgezanoni.com.br\/2019\/procurado-pela-justica-homem-e-preso-em-onibus-de-linha-em-tupi-paulista-pela-pmr\/","title":{"rendered":"Procurado pela Justi\u00e7a, homem \u00e9 preso em \u00f4nibus de linha em Tupi Paulista pela PMR"},"content":{"rendered":"<p style=\"text-align: justify;\">Durante fiscaliza\u00e7\u00e3o em combate de il\u00edcitos administrativos e penais, policiais militares pertencentes ao efetivo da 2\u00aa Companhia de Policiamento Rodovi\u00e1rio do 2\u00ba Batalh\u00e3o abordaram um \u00f4nibus de linha, cor prata, ano 2017, placas de Tup\u00e3\/SP, com o itiner\u00e1rio Campo Grande\/MS x Santos\/SP, transportando 26 passageiros e ao perceber certo nervosismo no passageiro da poltrona 23 e ao realizar as pesquisas nos Bancos de Dados Policiais fora constatado que um passageiro constava em situa\u00e7\u00e3o de procurado.<\/p>\n<div class=\"jeg_ad jeg_ad_article jnews_content_inline_ads  \" style=\"text-align: justify;\">\n<div class=\"ads-wrapper align-right \">\n<div class=\"ads_google_ads\">Ap\u00f3s entrevista com os policiais, ele declarou que existe um processo de pens\u00e3o aliment\u00edcia na cidade de S\u00e3o Paulo\/SP no qual ultimamente n\u00e3o havia efetuado os respectivos pagamentos.<\/div>\n<div><\/div>\n<div>O indiv\u00edduo foi preso, e encaminhado \u00e0 Delegacia de Pol\u00edcia de Tupi Paulista\/SP, onde o delegado de plant\u00e3o elaborou o Boletim de Ocorr\u00eancia, encaminhando o preso \u00e0 Cadeia P\u00fablica de Adamantina\/SP.<\/div>\n<\/div>\n<\/div>\n<div style=\"text-align: justify;\">Fonte: PMR<\/div>\n<div><\/div>\n","protected":false},"excerpt":{"rendered":"<p>Durante fiscaliza\u00e7\u00e3o em combate de il\u00edcitos administrativos e penais, policiais militares pertencentes ao efetivo da 2\u00aa Companhia de Policiamento Rodovi\u00e1rio do 2\u00ba Batalh\u00e3o abordaram um \u00f4nibus de linha, cor prata, ano 2017, placas de Tup\u00e3\/SP, com o itiner\u00e1rio Campo Grande\/MS x Santos\/SP, transportando 26 passageiros e ao perceber certo nervosismo no passageiro da poltrona 23 [&hellip;]<\/p>\n","protected":false},"author":1,"featured_media":13732,"comment_status":"closed","ping_status":"open","sticky":false,"template":"","format":"standard","meta":{"footnotes":""},"categories":[2],"tags":[],"class_list":["post-13731","post","type-post","status-publish","format-standard","has-post-thumbnail","hentry","category-policial"],"_links":{"self":[{"href":"https:\/\/jorgezanoni.com.br\/2019\/wp-json\/wp\/v2\/posts\/13731","targetHints":{"allow":["GET"]}}],"collection":[{"href":"https:\/\/jorgezanoni.com.br\/2019\/wp-json\/wp\/v2\/posts"}],"about":[{"href":"https:\/\/jorgezanoni.com.br\/2019\/wp-json\/wp\/v2\/types\/post"}],"author":[{"embeddable":true,"href":"https:\/\/jorgezanoni.com.br\/2019\/wp-json\/wp\/v2\/users\/1"}],"replies":[{"embeddable":true,"href":"https:\/\/jorgezanoni.com.br\/2019\/wp-json\/wp\/v2\/comments?post=13731"}],"version-history":[{"count":0,"href":"https:\/\/jorgezanoni.com.br\/2019\/wp-json\/wp\/v2\/posts\/13731\/revisions"}],"wp:featuredmedia":[{"embeddable":true,"href":"https:\/\/jorgezanoni.com.br\/2019\/wp-json\/wp\/v2\/media\/13732"}],"wp:attachment":[{"href":"https:\/\/jorgezanoni.com.br\/2019\/wp-json\/wp\/v2\/media?parent=13731"}],"wp:term":[{"taxonomy":"category","embeddable":true,"href":"https:\/\/jorgezanoni.com.br\/2019\/wp-json\/wp\/v2\/categories?post=13731"},{"taxonomy":"post_tag","embeddable":true,"href":"https:\/\/jorgezanoni.com.br\/2019\/wp-json\/wp\/v2\/tags?post=13731"}],"curies":[{"name":"wp","href":"https:\/\/api.w.org\/{rel}","templated":true}]}}