{"id":13685,"date":"2019-12-11T16:31:56","date_gmt":"2019-12-11T16:31:56","guid":{"rendered":"https:\/\/jorgezanoni.com.br\/2019\/?p=13685"},"modified":"2019-12-11T16:32:30","modified_gmt":"2019-12-11T16:32:30","slug":"poupatempo-lanca-acao-para-arrecadar-alimentos-para-o-natal","status":"publish","type":"post","link":"https:\/\/jorgezanoni.com.br\/2019\/poupatempo-lanca-acao-para-arrecadar-alimentos-para-o-natal\/","title":{"rendered":"Poupatempo lan\u00e7a a\u00e7\u00e3o para arrecadar alimentos para o Natal"},"content":{"rendered":"<div dir=\"ltr\">\n<div style=\"text-align: justify;\" align=\"center\"><strong><em>Doa\u00e7\u00f5es podem ser feitas at\u00e9 dia 18 de dezembro e ser\u00e3o destinadas a fam\u00edlias<\/em><em> carentes.<\/em><\/strong><\/div>\n<div><\/div>\n<div style=\"text-align: justify;\">O Poupatempo lan\u00e7a nesta ter\u00e7a-feira (3) uma a\u00e7\u00e3o para arrecadar alimentos\u00a0 em todas as 72 unidades do programa no Estado. S\u00e3o aceitas doa\u00e7\u00f5es de itens que comp\u00f5e a cesta b\u00e1sica, como arroz, feij\u00e3o, a\u00e7\u00facar, farinha, entre outros produtos n\u00e3o perec\u00edveis, at\u00e9 o pr\u00f3ximo dia 18 de dezembro.<\/div>\n<div style=\"text-align: justify;\"><\/div>\n<div style=\"text-align: justify;\">O Superintendente da Prodesp \u2013 empresa de Tecnologia do Governo de S\u00e3o Paulo que administra o Poupatempo &#8211; Ernesto Mascellani Neto, explica o objetivo da a\u00e7\u00e3o. &#8220;Nesta semana, em que \u00e9 comemorado o Dia Internacional do Voluntariado (5), os postos do Poupatempo aproveitam para convidar todos a entregarem sua contribui\u00e7\u00e3o em uma de nossas unidades, para que juntos possamos permitir que mais fam\u00edlias tenham um Natal pr\u00f3spero&#8221;.<\/div>\n<div style=\"text-align: justify;\"><\/div>\n<div style=\"text-align: justify;\">A &#8220;Campanha de Natal 2019&#8221; \u00e9 uma parceria da Prodesp com o\u00a0 Fundo Social de S\u00e3o Paulo (Fussp) e com a Secretaria de Transportes Metropolitanos (STM), por meio da EMTU.<\/div>\n<div style=\"text-align: justify;\"><\/div>\n<div style=\"text-align: justify;\">Os itens arrecadados ser\u00e3o destinados a fam\u00edlias em situa\u00e7\u00e3o de vulnerabilidade social e a distribui\u00e7\u00e3o dos donativos feita pelo Fussp ou pelo Fundo Social de cada munic\u00edpio.\u00a0 Al\u00e9m dos postos do Poupatempo, os cidad\u00e3os tamb\u00e9m podem levar suas contribui\u00e7\u00f5es a nove terminais urbanos do Corredor ABD, da EMTU, at\u00e9 o dia 10 de dezembro.<\/div>\n<div style=\"text-align: justify;\"><\/div>\n<div style=\"text-align: justify;\">\u00c9 importante que os produtos estejam em suas embalagens originais e que o prazo de validade seja de pelo menos 90 dias. Todos os itens recebidos ser\u00e3o transformados em cestas b\u00e1sicas, destinadas \u00e0s entidades cadastradas pelo Fundo Social na capital e interior.<\/div>\n<div style=\"text-align: justify;\"><\/div>\n<div style=\"text-align: justify;\"><strong>Programa Poupatempo<\/strong><\/div>\n<div style=\"text-align: justify;\"><\/div>\n<div style=\"text-align: justify;\">O Poupatempo \u00e9 um programa do Governo de S\u00e3o Paulo executado pela Prodesp, empresa de tecnologia da informa\u00e7\u00e3o do Estado. Iniciado em 1997, conta atualmente com 72 unidades fixas, em todas as regi\u00f5es administrativas do Estado.<\/div>\n<div style=\"text-align: justify;\"><\/div>\n<div style=\"text-align: justify;\">Em pesquisa de satisfa\u00e7\u00e3o com os usu\u00e1rios divulgada no m\u00eas de mar\u00e7o, o Poupatempo obteve 98,8% de aprova\u00e7\u00e3o. Em 2019, o programa foi eleito pelo quinto ano consecutivo o &#8216;Melhor Servi\u00e7o P\u00fablico de S\u00e3o Paulo&#8217; pelo Instituto Datafolha.<\/div>\n<div style=\"text-align: justify;\"><\/div>\n<div style=\"text-align: justify;\">&#8212;&#8212;&#8212;&#8212;&#8212;&#8212;&#8212;&#8212;&#8212;&#8212;&#8212;&#8212;&#8212;&#8212;&#8212;&#8212;&#8212;&#8212;&#8212;&#8212;&#8212;&#8212;&#8212;&#8212;&#8212;&#8212;-<\/div>\n<div style=\"text-align: justify;\"><\/div>\n<div style=\"text-align: justify;\" align=\"center\"><strong>Assessoria de Comunica\u00e7\u00e3o &#8211; Prodesp<\/strong><br \/>\nE-mail:\u00a0imprensaprodesp@sp.gov.br<br \/>\nTelefones: (11) 3247-1384 \/ 1391<\/div>\n<\/div>\n<div dir=\"ltr\" style=\"text-align: justify;\"><span style=\"font-family: Verdana,Arial,Helvetica,sans-serif; font-size: small;\"><span style=\"font-family: Verdana,Arial,Helvetica,sans-serif;\">\u00a0<\/span><\/span><\/div>\n","protected":false},"excerpt":{"rendered":"<p>Doa\u00e7\u00f5es podem ser feitas at\u00e9 dia 18 de dezembro e ser\u00e3o destinadas a fam\u00edlias carentes. O Poupatempo lan\u00e7a nesta ter\u00e7a-feira (3) uma a\u00e7\u00e3o para arrecadar alimentos\u00a0 em todas as 72 unidades do programa no Estado. S\u00e3o aceitas doa\u00e7\u00f5es de itens que comp\u00f5e a cesta b\u00e1sica, como arroz, feij\u00e3o, a\u00e7\u00facar, farinha, entre outros produtos n\u00e3o perec\u00edveis, [&hellip;]<\/p>\n","protected":false},"author":1,"featured_media":13686,"comment_status":"closed","ping_status":"open","sticky":false,"template":"","format":"standard","meta":{"footnotes":""},"categories":[118],"tags":[],"class_list":["post-13685","post","type-post","status-publish","format-standard","has-post-thumbnail","hentry","category-religiaoesolidariedade"],"_links":{"self":[{"href":"https:\/\/jorgezanoni.com.br\/2019\/wp-json\/wp\/v2\/posts\/13685","targetHints":{"allow":["GET"]}}],"collection":[{"href":"https:\/\/jorgezanoni.com.br\/2019\/wp-json\/wp\/v2\/posts"}],"about":[{"href":"https:\/\/jorgezanoni.com.br\/2019\/wp-json\/wp\/v2\/types\/post"}],"author":[{"embeddable":true,"href":"https:\/\/jorgezanoni.com.br\/2019\/wp-json\/wp\/v2\/users\/1"}],"replies":[{"embeddable":true,"href":"https:\/\/jorgezanoni.com.br\/2019\/wp-json\/wp\/v2\/comments?post=13685"}],"version-history":[{"count":0,"href":"https:\/\/jorgezanoni.com.br\/2019\/wp-json\/wp\/v2\/posts\/13685\/revisions"}],"wp:featuredmedia":[{"embeddable":true,"href":"https:\/\/jorgezanoni.com.br\/2019\/wp-json\/wp\/v2\/media\/13686"}],"wp:attachment":[{"href":"https:\/\/jorgezanoni.com.br\/2019\/wp-json\/wp\/v2\/media?parent=13685"}],"wp:term":[{"taxonomy":"category","embeddable":true,"href":"https:\/\/jorgezanoni.com.br\/2019\/wp-json\/wp\/v2\/categories?post=13685"},{"taxonomy":"post_tag","embeddable":true,"href":"https:\/\/jorgezanoni.com.br\/2019\/wp-json\/wp\/v2\/tags?post=13685"}],"curies":[{"name":"wp","href":"https:\/\/api.w.org\/{rel}","templated":true}]}}