{"id":13682,"date":"2019-12-11T16:15:35","date_gmt":"2019-12-11T16:15:35","guid":{"rendered":"https:\/\/jorgezanoni.com.br\/2019\/?p=13682"},"modified":"2019-12-11T16:15:35","modified_gmt":"2019-12-11T16:15:35","slug":"unifadra-abre-inscricoes-para-vestibular-agendado","status":"publish","type":"post","link":"https:\/\/jorgezanoni.com.br\/2019\/unifadra-abre-inscricoes-para-vestibular-agendado\/","title":{"rendered":"Unifadra abre inscri\u00e7\u00f5es para Vestibular Agendado"},"content":{"rendered":"<p style=\"font-weight: 400; text-align: justify;\">J\u00e1 est\u00e3o abertas as inscri\u00e7\u00f5es para o Vestibular Agendado da Unifadra \u2013 cursos presenciais. Os candidatos podem agendar suas provas no site (<a href=\"http:\/\/www.fundec.edu.br\/unifadra\">www.fundec.edu.br\/unifadra<\/a>) ou na Secretaria Geral da Fundec pelo telefone (18) 3821-9009. Os interessados podem fazer as provas \u00e0s ter\u00e7as ou quintas-feiras das 19h \u00e0s 20h, de 17 de dezembro at\u00e9 30 de janeiro (com exce\u00e7\u00e3o do per\u00edodo de f\u00e9rias coletivas &#8211; de 23\/12 a 01\/01).<\/p>\n<p style=\"font-weight: 400; text-align: justify;\">Para os candidatos que fizeram o Vestibular de Ver\u00e3o no dia 8 de dezembro, o resultado j\u00e1 est\u00e1 no site da Fundec e as matr\u00edculas dos aprovados devem ser feitas at\u00e9 10 de janeiro. O in\u00edcio das aulas para os ingressantes ser\u00e1 dia 17 de fevereiro.<\/p>\n<p style=\"font-weight: 400; text-align: justify;\">Os cursos presenciais dispon\u00edveis s\u00e3o\u00a0Artes Visuais, An\u00e1lise e Desenvolvimento de Sistemas, Educa\u00e7\u00e3o F\u00edsica, Enfermagem, Letras, Matem\u00e1tica, Pedagogia, Ci\u00eancias Biol\u00f3gicas, Psicologia e Servi\u00e7o Social.<\/p>\n<p style=\"font-weight: 400; text-align: justify;\"><strong>Ensino EAD<\/strong><br \/>\nA Unifadra tamb\u00e9m est\u00e1 com inscri\u00e7\u00f5es abertas para o Vestibular Agendado &#8211; Polo Unitau dos cursos a dit\u00e2ncia (exclusivamente pelo site\u00a0<a href=\"http:\/\/www.fundec.edu.br\/\">www.fundec.edu.br<\/a>). Os cursos dispon\u00edveis nesta modalidade s\u00e3o Artes Visuais, Ci\u00eancias Biol\u00f3gicas, Educa\u00e7\u00e3o Especial, Educa\u00e7\u00e3o F\u00edsica, Filosofia, F\u00edsica, Geografia, Hist\u00f3ria, Letras \u2013 L\u00edngua Portuguesa, Matem\u00e1tica, M\u00fasica, Pedagogia, Qu\u00edmica, Sociologia, Gest\u00e3o Comercial, Gest\u00e3o de Recursos Humanos, Gest\u00e3o de Agroneg\u00f3cio, Gest\u00e3o Financeira, Log\u00edstica, Processos Gerenciais, Administra\u00e7\u00e3o, Ci\u00eancias Cont\u00e1beis, Forma\u00e7\u00e3o Pedag\u00f3gica, Forma\u00e7\u00e3o Pedag\u00f3gica em Pedagogia.<\/p>\n<p style=\"font-weight: 400; text-align: justify;\">Mais informa\u00e7\u00f5es: (18) 3821-9004 ou\u00a0<a href=\"mailto:centroinfo@fundec.edu.br\">centroinfo@fundec.edu.br<\/a><\/p>\n<p style=\"font-weight: 400; text-align: justify;\">Carolina Colnago<\/p>\n<p style=\"font-weight: 400; text-align: justify;\">Assessora de Comunica\u00e7\u00e3o da Fundec &#8211; Jornalista<\/p>\n","protected":false},"excerpt":{"rendered":"<p>J\u00e1 est\u00e3o abertas as inscri\u00e7\u00f5es para o Vestibular Agendado da Unifadra \u2013 cursos presenciais. Os candidatos podem agendar suas provas no site (www.fundec.edu.br\/unifadra) ou na Secretaria Geral da Fundec pelo telefone (18) 3821-9009. Os interessados podem fazer as provas \u00e0s ter\u00e7as ou quintas-feiras das 19h \u00e0s 20h, de 17 de dezembro at\u00e9 30 de janeiro [&hellip;]<\/p>\n","protected":false},"author":1,"featured_media":13683,"comment_status":"closed","ping_status":"open","sticky":false,"template":"","format":"standard","meta":{"footnotes":""},"categories":[110,122],"tags":[],"class_list":["post-13682","post","type-post","status-publish","format-standard","has-post-thumbnail","hentry","category-noticiasdestaque","category-saudeeducacaoeconcurso"],"_links":{"self":[{"href":"https:\/\/jorgezanoni.com.br\/2019\/wp-json\/wp\/v2\/posts\/13682","targetHints":{"allow":["GET"]}}],"collection":[{"href":"https:\/\/jorgezanoni.com.br\/2019\/wp-json\/wp\/v2\/posts"}],"about":[{"href":"https:\/\/jorgezanoni.com.br\/2019\/wp-json\/wp\/v2\/types\/post"}],"author":[{"embeddable":true,"href":"https:\/\/jorgezanoni.com.br\/2019\/wp-json\/wp\/v2\/users\/1"}],"replies":[{"embeddable":true,"href":"https:\/\/jorgezanoni.com.br\/2019\/wp-json\/wp\/v2\/comments?post=13682"}],"version-history":[{"count":0,"href":"https:\/\/jorgezanoni.com.br\/2019\/wp-json\/wp\/v2\/posts\/13682\/revisions"}],"wp:featuredmedia":[{"embeddable":true,"href":"https:\/\/jorgezanoni.com.br\/2019\/wp-json\/wp\/v2\/media\/13683"}],"wp:attachment":[{"href":"https:\/\/jorgezanoni.com.br\/2019\/wp-json\/wp\/v2\/media?parent=13682"}],"wp:term":[{"taxonomy":"category","embeddable":true,"href":"https:\/\/jorgezanoni.com.br\/2019\/wp-json\/wp\/v2\/categories?post=13682"},{"taxonomy":"post_tag","embeddable":true,"href":"https:\/\/jorgezanoni.com.br\/2019\/wp-json\/wp\/v2\/tags?post=13682"}],"curies":[{"name":"wp","href":"https:\/\/api.w.org\/{rel}","templated":true}]}}