{"id":13678,"date":"2019-12-11T15:54:43","date_gmt":"2019-12-11T15:54:43","guid":{"rendered":"https:\/\/jorgezanoni.com.br\/2019\/?p=13678"},"modified":"2019-12-11T15:54:43","modified_gmt":"2019-12-11T15:54:43","slug":"santa-casa-de-dracena-recebe-verba-de-500-mil-de-deputado-para-o-centro-cirurgico","status":"publish","type":"post","link":"https:\/\/jorgezanoni.com.br\/2019\/santa-casa-de-dracena-recebe-verba-de-500-mil-de-deputado-para-o-centro-cirurgico\/","title":{"rendered":"Santa Casa de Dracena recebe verba de 500 mil de Deputado para o Centro Cir\u00fargico"},"content":{"rendered":"<p style=\"text-align: justify;\"><strong>Deputado Estadual REINALDO ALGUZ destinar\u00e1 500 mil para constru\u00e7\u00e3o de central de <\/strong><strong>esteriliza\u00e7\u00e3o e amplia\u00e7\u00e3o do Centro Cir\u00fargico da Santa Casa de Dracena.<\/strong><\/p>\n<p style=\"text-align: justify;\">Durante a inaugura\u00e7\u00e3o da POLICL\u00cdNICA, em evento realizado na manh\u00e3 de domingo, dia 8 de dezembro, na presen\u00e7a de v\u00e1rias autoridades e convidados, destacando-se o Deputado Federal Enrico Misasi, o Prefeito Juliano Brito Bertolini, o Presidente da C\u00e2mara Milton Polon, o Diretor do DRS XI Jorge Chihara, o Diretor Executivo da FUNDEC Edson Kai, o Vice-Prefeito Mois\u00e9s Ant\u00f4nio de Lima, Vereadores, l\u00edderes religiosos, representantes das entidades sociais e dos representantes da Santa Casa de Dracena. (continua depois da publicidade).<\/p>\n<p><img loading=\"lazy\" decoding=\"async\" class=\"alignnone size-full wp-image-13679\" src=\"https:\/\/jorgezanoni.com.br\/2019\/wp-content\/uploads\/2019\/12\/Escrit\u00f3rio-Di\u00e2metro.jpg\" alt=\"\" width=\"300\" height=\"100\" \/><\/p>\n<p style=\"text-align: justify;\">O Deputado Estadual Reinaldo Alguz (PV\/SP) em sua manifesta\u00e7\u00e3o, fez o an\u00fancio que destinar\u00e1 do recurso do Governo do Estado de S\u00e3o Paulo, uma verba de R$. 500.000,00 destinados \u00e0 Santa Casa de Dracena, para constru\u00e7\u00e3o de central de esteriliza\u00e7\u00e3o e amplia\u00e7\u00e3o do Centro Cir\u00fargico da unidade, considerando que o hospital filantr\u00f3pico \u00e9 estrat\u00e9gico no complexo da sa\u00fade p\u00fablica regional e a constru\u00e7\u00e3o da central de esteriliza\u00e7\u00e3o e a amplia\u00e7\u00e3o servir\u00e1 para uma aten\u00e7\u00e3o maior e com qualidade, ressaltando a excel\u00eancia do trabalho realizado pela equipe m\u00e9dica e dos profissionais de suporte, como os enfermeiros e param\u00e9dicos.<\/p>\n<p style=\"text-align: justify;\">Ressaltou a import\u00e2ncia do Centro Cir\u00fargico dentro do complexo hospitalar, um dos setores<br \/>\nvitais que merecem a aten\u00e7\u00e3o das autoridades p\u00fablicas e que em cumprimento ao seu mandato parlamentar tem visto a Santa Casa de Dracena como entidade comprometida e destinada a benemer\u00eancia, tanto que autuou firmemente na destina\u00e7\u00e3o de verbas para reforma e amplia\u00e7\u00e3o da maternidade e ala de interna\u00e7\u00e3o feminina, reforma da ala de interna\u00e7\u00e3o masculina, reforma do centro cir\u00fargico, constru\u00e7\u00e3o do setor de pequenas cirurgias \u2013 1\u00aa. etapa e 2\u00aa. etapa, aquisi\u00e7\u00e3o de equipamentos hospitalares, aquisi\u00e7\u00e3o de elevador, como tamb\u00e9m reforma do banco de sangue, agradecendo a diretoria, o corpo cl\u00ednico e os demais colaboradores da Santa Casa de Dracena pelo empenho e dedica\u00e7\u00e3o em prol da sa\u00fade p\u00fablica, que em comemora\u00e7\u00e3o ao anivers\u00e1rio da cidade festejou a inaugura\u00e7\u00e3o da Policl\u00ednica \u201cN\u00e9ia Vitti Rejani\u201d.<\/p>\n<p style=\"text-align: justify;\">A Diretoria da Santa Casa de Dracena, o Provedor Altamir Alves dos Santos ressaltou a sensibilidade do Deputado Estadual Reinaldo Alguz em atender a reivindica\u00e7\u00e3o, que certamente contribuir\u00e1 com a melhoria no atendimento e dar ao Corpo Cl\u00ednico melhores condi\u00e7\u00f5es de trabalho.<\/p>\n<p style=\"text-align: justify;\">\u201cPra n\u00f3s foi um presente de anivers\u00e1rio essa destina\u00e7\u00e3o de recursos, pois, a Santa Casa de Dracena completou 62 anos de exist\u00eancia no dia 08 de dezembro\u201d, finaliza o provedor.<\/p>\n<p>Fonte: Santa Casa de Dracena<\/p>\n","protected":false},"excerpt":{"rendered":"<p>Deputado Estadual REINALDO ALGUZ destinar\u00e1 500 mil para constru\u00e7\u00e3o de central de esteriliza\u00e7\u00e3o e amplia\u00e7\u00e3o do Centro Cir\u00fargico da Santa Casa de Dracena. Durante a inaugura\u00e7\u00e3o da POLICL\u00cdNICA, em evento realizado na manh\u00e3 de domingo, dia 8 de dezembro, na presen\u00e7a de v\u00e1rias autoridades e convidados, destacando-se o Deputado Federal Enrico Misasi, o Prefeito Juliano [&hellip;]<\/p>\n","protected":false},"author":1,"featured_media":13680,"comment_status":"closed","ping_status":"open","sticky":false,"template":"","format":"standard","meta":{"footnotes":""},"categories":[122],"tags":[],"class_list":["post-13678","post","type-post","status-publish","format-standard","has-post-thumbnail","hentry","category-saudeeducacaoeconcurso"],"_links":{"self":[{"href":"https:\/\/jorgezanoni.com.br\/2019\/wp-json\/wp\/v2\/posts\/13678","targetHints":{"allow":["GET"]}}],"collection":[{"href":"https:\/\/jorgezanoni.com.br\/2019\/wp-json\/wp\/v2\/posts"}],"about":[{"href":"https:\/\/jorgezanoni.com.br\/2019\/wp-json\/wp\/v2\/types\/post"}],"author":[{"embeddable":true,"href":"https:\/\/jorgezanoni.com.br\/2019\/wp-json\/wp\/v2\/users\/1"}],"replies":[{"embeddable":true,"href":"https:\/\/jorgezanoni.com.br\/2019\/wp-json\/wp\/v2\/comments?post=13678"}],"version-history":[{"count":0,"href":"https:\/\/jorgezanoni.com.br\/2019\/wp-json\/wp\/v2\/posts\/13678\/revisions"}],"wp:featuredmedia":[{"embeddable":true,"href":"https:\/\/jorgezanoni.com.br\/2019\/wp-json\/wp\/v2\/media\/13680"}],"wp:attachment":[{"href":"https:\/\/jorgezanoni.com.br\/2019\/wp-json\/wp\/v2\/media?parent=13678"}],"wp:term":[{"taxonomy":"category","embeddable":true,"href":"https:\/\/jorgezanoni.com.br\/2019\/wp-json\/wp\/v2\/categories?post=13678"},{"taxonomy":"post_tag","embeddable":true,"href":"https:\/\/jorgezanoni.com.br\/2019\/wp-json\/wp\/v2\/tags?post=13678"}],"curies":[{"name":"wp","href":"https:\/\/api.w.org\/{rel}","templated":true}]}}