{"id":13672,"date":"2019-12-11T14:47:53","date_gmt":"2019-12-11T14:47:53","guid":{"rendered":"https:\/\/jorgezanoni.com.br\/2019\/?p=13672"},"modified":"2019-12-11T14:47:53","modified_gmt":"2019-12-11T14:47:53","slug":"expediente-na-prefeitura-de-dracena-neste-fim-de-ano","status":"publish","type":"post","link":"https:\/\/jorgezanoni.com.br\/2019\/expediente-na-prefeitura-de-dracena-neste-fim-de-ano\/","title":{"rendered":"Expediente na Prefeitura de Dracena neste fim de ano"},"content":{"rendered":"<p style=\"text-align: justify;\">A Prefeitura de Dracena informa que, devido ao Natal, n\u00e3o\u00a0haver\u00e1 expediente nos \u00f3rg\u00e3os p\u00fablicos municipais nos dias\u00a024, 25 e 26\/12 .\u00a0J\u00e1 em decorr\u00eancia do ano novo, as atividades ser\u00e3o suspensas nos dias 31\/12, 01 e 02\/01\/2020.<\/p>\n<p style=\"text-align: justify;\">A coleta de reciclagem seguir\u00e1 o mesmo cronograma da Prefeitura.\u00a0O expediente retoma normalmente no dia 03 de janeiro de 2020.<\/p>\n<p style=\"text-align: justify;\">J\u00e1\u00a0a coleta de lixo dom\u00e9stico n\u00e3o ser\u00e1 realizada exclusivamente no feriado de Natal, 25\/12, e no dia 01\/01\/2020. (S\u00f3 para esclarecer, a coleta de lixo \u00e9 realizada em Dracena durante a madrugada, portanto, a suspens\u00e3o do servi\u00e7o refere-se a madrugada do dia 24 para 25 e do dia 31 para 1\u00b0 de janeiro.)<\/p>\n<p style=\"text-align: justify;\">Fonte: Diretoria de Comunica\u00e7\u00e3o<\/p>\n","protected":false},"excerpt":{"rendered":"<p>A Prefeitura de Dracena informa que, devido ao Natal, n\u00e3o\u00a0haver\u00e1 expediente nos \u00f3rg\u00e3os p\u00fablicos municipais nos dias\u00a024, 25 e 26\/12 .\u00a0J\u00e1 em decorr\u00eancia do ano novo, as atividades ser\u00e3o suspensas nos dias 31\/12, 01 e 02\/01\/2020. A coleta de reciclagem seguir\u00e1 o mesmo cronograma da Prefeitura.\u00a0O expediente retoma normalmente no dia 03 de janeiro de [&hellip;]<\/p>\n","protected":false},"author":1,"featured_media":13673,"comment_status":"closed","ping_status":"open","sticky":false,"template":"","format":"standard","meta":{"footnotes":""},"categories":[179,184,110],"tags":[],"class_list":["post-13672","post","type-post","status-publish","format-standard","has-post-thumbnail","hentry","category-cidadeseregiao","category-dracena","category-noticiasdestaque"],"_links":{"self":[{"href":"https:\/\/jorgezanoni.com.br\/2019\/wp-json\/wp\/v2\/posts\/13672","targetHints":{"allow":["GET"]}}],"collection":[{"href":"https:\/\/jorgezanoni.com.br\/2019\/wp-json\/wp\/v2\/posts"}],"about":[{"href":"https:\/\/jorgezanoni.com.br\/2019\/wp-json\/wp\/v2\/types\/post"}],"author":[{"embeddable":true,"href":"https:\/\/jorgezanoni.com.br\/2019\/wp-json\/wp\/v2\/users\/1"}],"replies":[{"embeddable":true,"href":"https:\/\/jorgezanoni.com.br\/2019\/wp-json\/wp\/v2\/comments?post=13672"}],"version-history":[{"count":0,"href":"https:\/\/jorgezanoni.com.br\/2019\/wp-json\/wp\/v2\/posts\/13672\/revisions"}],"wp:featuredmedia":[{"embeddable":true,"href":"https:\/\/jorgezanoni.com.br\/2019\/wp-json\/wp\/v2\/media\/13673"}],"wp:attachment":[{"href":"https:\/\/jorgezanoni.com.br\/2019\/wp-json\/wp\/v2\/media?parent=13672"}],"wp:term":[{"taxonomy":"category","embeddable":true,"href":"https:\/\/jorgezanoni.com.br\/2019\/wp-json\/wp\/v2\/categories?post=13672"},{"taxonomy":"post_tag","embeddable":true,"href":"https:\/\/jorgezanoni.com.br\/2019\/wp-json\/wp\/v2\/tags?post=13672"}],"curies":[{"name":"wp","href":"https:\/\/api.w.org\/{rel}","templated":true}]}}