{"id":13637,"date":"2019-12-11T11:51:10","date_gmt":"2019-12-11T11:51:10","guid":{"rendered":"https:\/\/jorgezanoni.com.br\/2019\/?p=13637"},"modified":"2019-12-11T11:51:10","modified_gmt":"2019-12-11T11:51:10","slug":"moradores-fazem-abaixo-assinado-contra-a-derrubada-do-canteiro-central-e-o-corte-das-arvores-da-avenida-rui-barbosa","status":"publish","type":"post","link":"https:\/\/jorgezanoni.com.br\/2019\/moradores-fazem-abaixo-assinado-contra-a-derrubada-do-canteiro-central-e-o-corte-das-arvores-da-avenida-rui-barbosa\/","title":{"rendered":"Moradores fazem abaixo assinado contra a derrubada do canteiro central e o corte das \u00e1rvores da Avenida Rui Barbosa"},"content":{"rendered":"<p style=\"text-align: justify;\"><strong>Abaixo assinado vai ser encaminhado ao Prefeiro Municipal.<\/strong><\/p>\n<p style=\"text-align: justify;\">N\u00f3s, abaixo-assinados e amigos das \u00e1rvores, viemos por interm\u00e9dio deste reivindicar ao prefeito de Dracena-SP, excelent\u00edssimo senhor Juliano Brito Bertolini, que seja assegurada a perman\u00eancia do canteiro e das \u00e1rvores da Avenida Rui Barbosa, mantendo assim o projeto urban\u00edstico da avenida e a harmonia do ecossistema. Portanto, este abaixo-assinado visa impedir a retirada do canteiro central e a derrubada de 55 \u00e1rvores, de 21 esp\u00e9cies diferentes, com idade de um a trinta anos.<br \/>\nAs \u00e1rvores absorvem o g\u00e1s carb\u00f4nico, liberam oxig\u00eanio, oferecem sombra, diminuem a temperatura, ret\u00eam a \u00e1gua da chuva, evitam enchentes, embelezam a cidade, diminuem os efeitos das ilhas de calor urbano etc. \u00c9 por essas raz\u00f5es que elas n\u00e3o devem ser cortadas, como querem os incomodados desprovidos de consci\u00eancia ambiental. N\u00e3o vamos permitir que o habitat dos p\u00e1ssaros se aninharem e se reproduzirem seja engolido pelas motosserras!<\/p>\n<p>Queremos que o artigo 164 da Lei Org\u00e2nica de Dracena que diz respeito ao direito de todos ao meio ambiente ecologicamente equilibrado e de uso comum de todos, seja respeitado e cumprido.<br \/>\nReivindicamos tamb\u00e9m uma maior efici\u00eancia e fiscaliza\u00e7\u00e3o do poder p\u00fablico para que as \u00e1rvores da cidade n\u00e3o sejam podadas e cortadas de forma ostensiva e indiscriminada.<br \/>\nQueremos que Dracena fa\u00e7a jus \u00e0 conquista do selo de Munic\u00edpio VerdeAzul e n\u00e3o permita que os interesses daqueles que se incomodam com a presen\u00e7a das \u00e1rvores estejam acima da biodiversidade e da qualidade de vida da popula\u00e7\u00e3o da cidade.<br \/>\nLutemos por uma cidade mais arborizada e mais bonita, para que no futuro ela seja tamb\u00e9m mais humana para todos!<\/p>\n<p style=\"text-align: justify;\">Voc\u00ea pode participar do abaixo assinado atrav\u00e9s desse link: https:\/\/secure.avaaz.org\/po\/community_petitions\/Prefeito_Juliano_Brito_Bertolini_Contra_a_derrubada_do_canteiro_central_e_o_corte_de_arvores_da_Avenida_Rui_Barbosa\/details\/?fbclid=IwAR3ZMK93CoU1U5KM2s7aXoeWyXaJ20YSSubkCBZA0PWVPTDzuE2gNWrw3Z0<\/p>\n","protected":false},"excerpt":{"rendered":"<p>Abaixo assinado vai ser encaminhado ao Prefeiro Municipal. N\u00f3s, abaixo-assinados e amigos das \u00e1rvores, viemos por interm\u00e9dio deste reivindicar ao prefeito de Dracena-SP, excelent\u00edssimo senhor Juliano Brito Bertolini, que seja assegurada a perman\u00eancia do canteiro e das \u00e1rvores da Avenida Rui Barbosa, mantendo assim o projeto urban\u00edstico da avenida e a harmonia do ecossistema. Portanto, [&hellip;]<\/p>\n","protected":false},"author":1,"featured_media":13638,"comment_status":"closed","ping_status":"open","sticky":false,"template":"","format":"standard","meta":{"footnotes":""},"categories":[179,184,176],"tags":[],"class_list":["post-13637","post","type-post","status-publish","format-standard","has-post-thumbnail","hentry","category-cidadeseregiao","category-dracena","category-meioambienteeagricultura"],"_links":{"self":[{"href":"https:\/\/jorgezanoni.com.br\/2019\/wp-json\/wp\/v2\/posts\/13637","targetHints":{"allow":["GET"]}}],"collection":[{"href":"https:\/\/jorgezanoni.com.br\/2019\/wp-json\/wp\/v2\/posts"}],"about":[{"href":"https:\/\/jorgezanoni.com.br\/2019\/wp-json\/wp\/v2\/types\/post"}],"author":[{"embeddable":true,"href":"https:\/\/jorgezanoni.com.br\/2019\/wp-json\/wp\/v2\/users\/1"}],"replies":[{"embeddable":true,"href":"https:\/\/jorgezanoni.com.br\/2019\/wp-json\/wp\/v2\/comments?post=13637"}],"version-history":[{"count":0,"href":"https:\/\/jorgezanoni.com.br\/2019\/wp-json\/wp\/v2\/posts\/13637\/revisions"}],"wp:featuredmedia":[{"embeddable":true,"href":"https:\/\/jorgezanoni.com.br\/2019\/wp-json\/wp\/v2\/media\/13638"}],"wp:attachment":[{"href":"https:\/\/jorgezanoni.com.br\/2019\/wp-json\/wp\/v2\/media?parent=13637"}],"wp:term":[{"taxonomy":"category","embeddable":true,"href":"https:\/\/jorgezanoni.com.br\/2019\/wp-json\/wp\/v2\/categories?post=13637"},{"taxonomy":"post_tag","embeddable":true,"href":"https:\/\/jorgezanoni.com.br\/2019\/wp-json\/wp\/v2\/tags?post=13637"}],"curies":[{"name":"wp","href":"https:\/\/api.w.org\/{rel}","templated":true}]}}