{"id":13537,"date":"2019-12-09T23:47:41","date_gmt":"2019-12-09T23:47:41","guid":{"rendered":"https:\/\/jorgezanoni.com.br\/2019\/?p=13537"},"modified":"2019-12-09T23:47:41","modified_gmt":"2019-12-09T23:47:41","slug":"a-foto-nao-era-com-o-papai-noel-ate-aparecerem-os-policiais-na-viatura","status":"publish","type":"post","link":"https:\/\/jorgezanoni.com.br\/2019\/a-foto-nao-era-com-o-papai-noel-ate-aparecerem-os-policiais-na-viatura\/","title":{"rendered":"A Foto n\u00e3o era com o Papai Noel? At\u00e9 aparecerem os Policiais na Viatura&#8230;"},"content":{"rendered":"<p style=\"text-align: justify;\">Na noite do \u00faltimo s\u00e1bado (7), Lucas (5 anos) e Kaike (7 anos), participaram de um evento natalino com a casa do Papai Noel na Pra\u00e7a H\u00e9lio Michelini, em Adamantina, quando ent\u00e3o viram uma viatura da Pol\u00edcia Militar lhes chamou a aten\u00e7\u00e3o. Apaixonados pela Pol\u00edcia Militar como s\u00e3o, pediram para tirar foto com os policiais, e se revelaram ser dois amigos e f\u00e3s.<\/p>\n<p style=\"text-align: justify;\">Os pequenos, por um momento, deixaram o Papai Noel de lado e tiraram fotos com os Cabos Andrade e Fortunato, pertencentes ao 25\u00b0 Batalh\u00e3o de Pol\u00edcia Militar do Interior, que n\u00e3o podiam deixar de atender aos pedidos.<br \/>\nA foto teve direito at\u00e9 mesmo com a duplinha usando o casquete da equipe, o \u201cchap\u00e9u&#8221; do policial, como disseram as crian\u00e7as.<br \/>\nParab\u00e9ns aos policiais, pois s\u00e3o a\u00e7\u00f5es assim que fazem a diferen\u00e7a.<\/p>\n<p><img loading=\"lazy\" decoding=\"async\" class=\"alignnone size-full wp-image-13541\" src=\"https:\/\/jorgezanoni.com.br\/2019\/wp-content\/uploads\/2019\/12\/noel1.jpg\" alt=\"\" width=\"1032\" height=\"774\" srcset=\"https:\/\/jorgezanoni.com.br\/2019\/wp-content\/uploads\/2019\/12\/noel1.jpg 1032w, https:\/\/jorgezanoni.com.br\/2019\/wp-content\/uploads\/2019\/12\/noel1-300x225.jpg 300w, https:\/\/jorgezanoni.com.br\/2019\/wp-content\/uploads\/2019\/12\/noel1-768x576.jpg 768w, https:\/\/jorgezanoni.com.br\/2019\/wp-content\/uploads\/2019\/12\/noel1-1024x768.jpg 1024w, https:\/\/jorgezanoni.com.br\/2019\/wp-content\/uploads\/2019\/12\/noel1-80x60.jpg 80w, https:\/\/jorgezanoni.com.br\/2019\/wp-content\/uploads\/2019\/12\/noel1-265x198.jpg 265w, https:\/\/jorgezanoni.com.br\/2019\/wp-content\/uploads\/2019\/12\/noel1-696x522.jpg 696w, https:\/\/jorgezanoni.com.br\/2019\/wp-content\/uploads\/2019\/12\/noel1-560x420.jpg 560w\" sizes=\"auto, (max-width: 1032px) 100vw, 1032px\" \/><\/p>\n<p style=\"text-align: justify;\">#POLICIAMILITARSP<br \/>\n#AFOR\u00c7AP\u00daBLICADES\u00c3OPAULO<br \/>\nFonte: COMUNICA\u00c7\u00c3O SOCIAL PMESP<\/p>\n","protected":false},"excerpt":{"rendered":"<p>Na noite do \u00faltimo s\u00e1bado (7), Lucas (5 anos) e Kaike (7 anos), participaram de um evento natalino com a casa do Papai Noel na Pra\u00e7a H\u00e9lio Michelini, em Adamantina, quando ent\u00e3o viram uma viatura da Pol\u00edcia Militar lhes chamou a aten\u00e7\u00e3o. Apaixonados pela Pol\u00edcia Militar como s\u00e3o, pediram para tirar foto com os policiais, [&hellip;]<\/p>\n","protected":false},"author":1,"featured_media":13540,"comment_status":"closed","ping_status":"open","sticky":false,"template":"","format":"standard","meta":{"footnotes":""},"categories":[2],"tags":[],"class_list":["post-13537","post","type-post","status-publish","format-standard","has-post-thumbnail","hentry","category-policial"],"_links":{"self":[{"href":"https:\/\/jorgezanoni.com.br\/2019\/wp-json\/wp\/v2\/posts\/13537","targetHints":{"allow":["GET"]}}],"collection":[{"href":"https:\/\/jorgezanoni.com.br\/2019\/wp-json\/wp\/v2\/posts"}],"about":[{"href":"https:\/\/jorgezanoni.com.br\/2019\/wp-json\/wp\/v2\/types\/post"}],"author":[{"embeddable":true,"href":"https:\/\/jorgezanoni.com.br\/2019\/wp-json\/wp\/v2\/users\/1"}],"replies":[{"embeddable":true,"href":"https:\/\/jorgezanoni.com.br\/2019\/wp-json\/wp\/v2\/comments?post=13537"}],"version-history":[{"count":0,"href":"https:\/\/jorgezanoni.com.br\/2019\/wp-json\/wp\/v2\/posts\/13537\/revisions"}],"wp:featuredmedia":[{"embeddable":true,"href":"https:\/\/jorgezanoni.com.br\/2019\/wp-json\/wp\/v2\/media\/13540"}],"wp:attachment":[{"href":"https:\/\/jorgezanoni.com.br\/2019\/wp-json\/wp\/v2\/media?parent=13537"}],"wp:term":[{"taxonomy":"category","embeddable":true,"href":"https:\/\/jorgezanoni.com.br\/2019\/wp-json\/wp\/v2\/categories?post=13537"},{"taxonomy":"post_tag","embeddable":true,"href":"https:\/\/jorgezanoni.com.br\/2019\/wp-json\/wp\/v2\/tags?post=13537"}],"curies":[{"name":"wp","href":"https:\/\/api.w.org\/{rel}","templated":true}]}}