{"id":13534,"date":"2019-12-09T23:22:41","date_gmt":"2019-12-09T23:22:41","guid":{"rendered":"https:\/\/jorgezanoni.com.br\/2019\/?p=13534"},"modified":"2019-12-09T23:22:41","modified_gmt":"2019-12-09T23:22:41","slug":"morador-de-presidente-prudente-morre-afogado-no-rio-parana-depois-de-ultrapassar-boia-de-seguranca","status":"publish","type":"post","link":"https:\/\/jorgezanoni.com.br\/2019\/morador-de-presidente-prudente-morre-afogado-no-rio-parana-depois-de-ultrapassar-boia-de-seguranca\/","title":{"rendered":"Morador de Presidente Prudente morre afogado no Rio Paran\u00e1 depois de ultrapassar boia de seguran\u00e7a"},"content":{"rendered":"<h2 class=\"content-head__subtitle\" style=\"text-align: justify;\"><strong>Rapaz de 22 anos foi socorrido pelo Corpo de Bombeiros e encaminhado para a Santa Casa de Presidente Epit\u00e1cio, mas n\u00e3o resistiu. V\u00edtima estava com amigos de trabalho no local.<\/strong><\/h2>\n<div class=\"mc-column content-text active-extra-styles active-capital-letter\" data-block-type=\"unstyled\" data-block-weight=\"28\" data-block-id=\"1\">\n<p class=\"content-text__container theme-color-primary-first-letter\" style=\"text-align: justify;\" data-track-category=\"Link no Texto\" data-track-links=\"\">Um rapaz de 22 anos morreu afogado na tarde deste domingo (8), no Rio Paran\u00e1, em\u00a0<a href=\"https:\/\/g1.globo.com\/sp\/presidente-prudente-regiao\/cidade\/presidente-epitacio\/\">Presidente Epit\u00e1cio<\/a>. O afogamento ocorreu em um local denominado Praia do Amadeu.<\/p>\n<\/div>\n<div class=\"wall protected-content\">\n<div class=\"mc-column content-text active-extra-styles \" style=\"text-align: justify;\" data-block-type=\"unstyled\" data-block-weight=\"6\" data-block-id=\"2\">\n<p class=\"content-text__container \" data-track-category=\"Link no Texto\" data-track-links=\"\">A v\u00edtima morava em\u00a0<a href=\"https:\/\/g1.globo.com\/sp\/presidente-prudente-regiao\/cidade\/presidente-prudente\/\">Presidente Prudente<\/a>.<\/p>\n<\/div>\n<div class=\"mc-column content-text active-extra-styles \" style=\"text-align: justify;\" data-block-type=\"unstyled\" data-block-weight=\"21\" data-block-id=\"3\">\n<p class=\"content-text__container \" data-track-category=\"Link no Texto\" data-track-links=\"\">Conforme a Pol\u00edcia Civil, o jovem estava com amigos de trabalho no rio, quando ultrapassou a boia de seguran\u00e7a e afundou.<\/p>\n<\/div>\n<div class=\"mc-column content-text active-extra-styles \" style=\"text-align: justify;\" data-block-type=\"unstyled\" data-block-weight=\"23\" data-block-id=\"4\">\n<p class=\"content-text__container \" data-track-category=\"Link no Texto\" data-track-links=\"\">O Corpo de Bombeiros foi acionado, retirou o rapaz da \u00e1gua e o encaminhou para a Santa Casa da cidade em parada cardiorrespirat\u00f3ria.<\/p>\n<\/div>\n<div class=\"mc-column content-text active-extra-styles \" style=\"text-align: justify;\" data-block-type=\"unstyled\" data-block-weight=\"12\" data-block-id=\"5\">\n<p class=\"content-text__container \" data-track-category=\"Link no Texto\" data-track-links=\"\">A morte foi constatada na unidade de sa\u00fade, segundo a Pol\u00edcia Civil.<\/p>\n<\/div>\n<div class=\"mc-column content-text active-extra-styles \" data-block-type=\"unstyled\" data-block-weight=\"17\" data-block-id=\"6\">\n<p class=\"content-text__container \" style=\"text-align: justify;\" data-track-category=\"Link no Texto\" data-track-links=\"\">O corpo foi levado ao Instituto M\u00e9dico Legal (IML), em\u00a0<a href=\"https:\/\/g1.globo.com\/sp\/presidente-prudente-regiao\/cidade\/presidente-venceslau\/\">Presidente Venceslau<\/a>, para realiza\u00e7\u00e3o de exame necrosc\u00f3pico.<\/p>\n<p style=\"text-align: justify;\" data-track-category=\"Link no Texto\" data-track-links=\"\">Fonte: G1<\/p>\n<p style=\"text-align: justify;\" data-track-category=\"Link no Texto\" data-track-links=\"\">Foto Reprodu\u00e7\u00e3o<\/p>\n<\/div>\n<\/div>\n","protected":false},"excerpt":{"rendered":"<p>Rapaz de 22 anos foi socorrido pelo Corpo de Bombeiros e encaminhado para a Santa Casa de Presidente Epit\u00e1cio, mas n\u00e3o resistiu. V\u00edtima estava com amigos de trabalho no local. Um rapaz de 22 anos morreu afogado na tarde deste domingo (8), no Rio Paran\u00e1, em\u00a0Presidente Epit\u00e1cio. O afogamento ocorreu em um local denominado Praia [&hellip;]<\/p>\n","protected":false},"author":1,"featured_media":13535,"comment_status":"closed","ping_status":"open","sticky":false,"template":"","format":"standard","meta":{"footnotes":""},"categories":[110,2],"tags":[],"class_list":["post-13534","post","type-post","status-publish","format-standard","has-post-thumbnail","hentry","category-noticiasdestaque","category-policial"],"_links":{"self":[{"href":"https:\/\/jorgezanoni.com.br\/2019\/wp-json\/wp\/v2\/posts\/13534","targetHints":{"allow":["GET"]}}],"collection":[{"href":"https:\/\/jorgezanoni.com.br\/2019\/wp-json\/wp\/v2\/posts"}],"about":[{"href":"https:\/\/jorgezanoni.com.br\/2019\/wp-json\/wp\/v2\/types\/post"}],"author":[{"embeddable":true,"href":"https:\/\/jorgezanoni.com.br\/2019\/wp-json\/wp\/v2\/users\/1"}],"replies":[{"embeddable":true,"href":"https:\/\/jorgezanoni.com.br\/2019\/wp-json\/wp\/v2\/comments?post=13534"}],"version-history":[{"count":0,"href":"https:\/\/jorgezanoni.com.br\/2019\/wp-json\/wp\/v2\/posts\/13534\/revisions"}],"wp:featuredmedia":[{"embeddable":true,"href":"https:\/\/jorgezanoni.com.br\/2019\/wp-json\/wp\/v2\/media\/13535"}],"wp:attachment":[{"href":"https:\/\/jorgezanoni.com.br\/2019\/wp-json\/wp\/v2\/media?parent=13534"}],"wp:term":[{"taxonomy":"category","embeddable":true,"href":"https:\/\/jorgezanoni.com.br\/2019\/wp-json\/wp\/v2\/categories?post=13534"},{"taxonomy":"post_tag","embeddable":true,"href":"https:\/\/jorgezanoni.com.br\/2019\/wp-json\/wp\/v2\/tags?post=13534"}],"curies":[{"name":"wp","href":"https:\/\/api.w.org\/{rel}","templated":true}]}}