{"id":13494,"date":"2019-12-09T12:23:58","date_gmt":"2019-12-09T12:23:58","guid":{"rendered":"https:\/\/jorgezanoni.com.br\/2019\/?p=13494"},"modified":"2019-12-09T12:23:58","modified_gmt":"2019-12-09T12:23:58","slug":"comercio-de-dracena-abre-a-noite-a-partir-desta-segunda-feira-9","status":"publish","type":"post","link":"https:\/\/jorgezanoni.com.br\/2019\/comercio-de-dracena-abre-a-noite-a-partir-desta-segunda-feira-9\/","title":{"rendered":"Com\u00e9rcio de Dracena abre a noite a partir desta segunda-feira (9)"},"content":{"rendered":"<p>Confira os hor\u00e1rios do com\u00e9rcio de Dracena para este m\u00eas de dezembro.<\/p>\n","protected":false},"excerpt":{"rendered":"<p>Confira os hor\u00e1rios do com\u00e9rcio de Dracena para este m\u00eas de dezembro.<\/p>\n","protected":false},"author":1,"featured_media":13495,"comment_status":"closed","ping_status":"open","sticky":false,"template":"","format":"standard","meta":{"footnotes":""},"categories":[114,110],"tags":[],"class_list":["post-13494","post","type-post","status-publish","format-standard","has-post-thumbnail","hentry","category-geralecomercio","category-noticiasdestaque"],"_links":{"self":[{"href":"https:\/\/jorgezanoni.com.br\/2019\/wp-json\/wp\/v2\/posts\/13494","targetHints":{"allow":["GET"]}}],"collection":[{"href":"https:\/\/jorgezanoni.com.br\/2019\/wp-json\/wp\/v2\/posts"}],"about":[{"href":"https:\/\/jorgezanoni.com.br\/2019\/wp-json\/wp\/v2\/types\/post"}],"author":[{"embeddable":true,"href":"https:\/\/jorgezanoni.com.br\/2019\/wp-json\/wp\/v2\/users\/1"}],"replies":[{"embeddable":true,"href":"https:\/\/jorgezanoni.com.br\/2019\/wp-json\/wp\/v2\/comments?post=13494"}],"version-history":[{"count":0,"href":"https:\/\/jorgezanoni.com.br\/2019\/wp-json\/wp\/v2\/posts\/13494\/revisions"}],"wp:featuredmedia":[{"embeddable":true,"href":"https:\/\/jorgezanoni.com.br\/2019\/wp-json\/wp\/v2\/media\/13495"}],"wp:attachment":[{"href":"https:\/\/jorgezanoni.com.br\/2019\/wp-json\/wp\/v2\/media?parent=13494"}],"wp:term":[{"taxonomy":"category","embeddable":true,"href":"https:\/\/jorgezanoni.com.br\/2019\/wp-json\/wp\/v2\/categories?post=13494"},{"taxonomy":"post_tag","embeddable":true,"href":"https:\/\/jorgezanoni.com.br\/2019\/wp-json\/wp\/v2\/tags?post=13494"}],"curies":[{"name":"wp","href":"https:\/\/api.w.org\/{rel}","templated":true}]}}