{"id":13465,"date":"2019-12-08T23:53:13","date_gmt":"2019-12-08T23:53:13","guid":{"rendered":"https:\/\/jorgezanoni.com.br\/2019\/?p=13465"},"modified":"2019-12-08T23:53:13","modified_gmt":"2019-12-08T23:53:13","slug":"incendio-destroi-empresa-de-moveis-e-bombeiros-utilizam-90-mil-litros-de-agua-no-combate","status":"publish","type":"post","link":"https:\/\/jorgezanoni.com.br\/2019\/incendio-destroi-empresa-de-moveis-e-bombeiros-utilizam-90-mil-litros-de-agua-no-combate\/","title":{"rendered":"Inc\u00eandio destr\u00f3i empresa de m\u00f3veis e Bombeiros utilizam 90 mil litros de \u00e1gua no combate"},"content":{"rendered":"<p style=\"text-align: justify;\">Um inc\u00eandio de grandes propor\u00e7\u00f5es destruiu uma empresa de M\u00f3veis localizada no Distrito Indistrial I, em Osvaldo Cruz na madrugada deste domingo (08).<\/p>\n<p style=\"text-align: justify;\">Para combater o inc\u00eandio, o Corpo de Bombeiro de Osvaldo Cruz teve o apoio do Corpo de Bombeiros de Adamantina, caminh\u00f5es Pipa da Usina Calif\u00f3rnia e das prefeituras de Osvaldo Cruz e Sagres, sendo utilizados cerca de 90 mil litros de \u00e1gua.<\/p>\n<p style=\"text-align: justify;\">O fogo n\u00e3o chegou ao escrit\u00f3rio da empresa, mas atingiu uma pequena parte de uma oficina de caminh\u00e3o que fica ao lado da f\u00e1brica de m\u00f3veis. Felizmente n\u00e3o houve v\u00edtimas, apenas danos materiais.<\/p>\n<p style=\"text-align: justify;\">As causa do inc\u00eandio ser\u00e3o investigadas pela Pol\u00edcia Civil.<\/p>\n<p><img loading=\"lazy\" decoding=\"async\" class=\"alignnone size-full wp-image-13467\" src=\"https:\/\/jorgezanoni.com.br\/2019\/wp-content\/uploads\/2019\/12\/oc1.jpeg\" alt=\"\" width=\"870\" height=\"522\" srcset=\"https:\/\/jorgezanoni.com.br\/2019\/wp-content\/uploads\/2019\/12\/oc1.jpeg 870w, https:\/\/jorgezanoni.com.br\/2019\/wp-content\/uploads\/2019\/12\/oc1-300x180.jpeg 300w, https:\/\/jorgezanoni.com.br\/2019\/wp-content\/uploads\/2019\/12\/oc1-768x461.jpeg 768w, https:\/\/jorgezanoni.com.br\/2019\/wp-content\/uploads\/2019\/12\/oc1-696x418.jpeg 696w, https:\/\/jorgezanoni.com.br\/2019\/wp-content\/uploads\/2019\/12\/oc1-700x420.jpeg 700w\" sizes=\"auto, (max-width: 870px) 100vw, 870px\" \/> <img loading=\"lazy\" decoding=\"async\" class=\"alignnone size-full wp-image-13468\" src=\"https:\/\/jorgezanoni.com.br\/2019\/wp-content\/uploads\/2019\/12\/oc2.jpeg\" alt=\"\" width=\"870\" height=\"522\" srcset=\"https:\/\/jorgezanoni.com.br\/2019\/wp-content\/uploads\/2019\/12\/oc2.jpeg 870w, https:\/\/jorgezanoni.com.br\/2019\/wp-content\/uploads\/2019\/12\/oc2-300x180.jpeg 300w, https:\/\/jorgezanoni.com.br\/2019\/wp-content\/uploads\/2019\/12\/oc2-768x461.jpeg 768w, https:\/\/jorgezanoni.com.br\/2019\/wp-content\/uploads\/2019\/12\/oc2-696x418.jpeg 696w, https:\/\/jorgezanoni.com.br\/2019\/wp-content\/uploads\/2019\/12\/oc2-700x420.jpeg 700w\" sizes=\"auto, (max-width: 870px) 100vw, 870px\" \/> <img loading=\"lazy\" decoding=\"async\" class=\"alignnone size-full wp-image-13469\" src=\"https:\/\/jorgezanoni.com.br\/2019\/wp-content\/uploads\/2019\/12\/oc3.jpeg\" alt=\"\" width=\"870\" height=\"522\" srcset=\"https:\/\/jorgezanoni.com.br\/2019\/wp-content\/uploads\/2019\/12\/oc3.jpeg 870w, https:\/\/jorgezanoni.com.br\/2019\/wp-content\/uploads\/2019\/12\/oc3-300x180.jpeg 300w, https:\/\/jorgezanoni.com.br\/2019\/wp-content\/uploads\/2019\/12\/oc3-768x461.jpeg 768w, https:\/\/jorgezanoni.com.br\/2019\/wp-content\/uploads\/2019\/12\/oc3-696x418.jpeg 696w, https:\/\/jorgezanoni.com.br\/2019\/wp-content\/uploads\/2019\/12\/oc3-700x420.jpeg 700w\" sizes=\"auto, (max-width: 870px) 100vw, 870px\" \/><\/p>\n<p style=\"text-align: justify;\">Fonte: fmmetropole.com.br<\/p>\n","protected":false},"excerpt":{"rendered":"<p>Um inc\u00eandio de grandes propor\u00e7\u00f5es destruiu uma empresa de M\u00f3veis localizada no Distrito Indistrial I, em Osvaldo Cruz na madrugada deste domingo (08). Para combater o inc\u00eandio, o Corpo de Bombeiro de Osvaldo Cruz teve o apoio do Corpo de Bombeiros de Adamantina, caminh\u00f5es Pipa da Usina Calif\u00f3rnia e das prefeituras de Osvaldo Cruz e [&hellip;]<\/p>\n","protected":false},"author":1,"featured_media":13471,"comment_status":"closed","ping_status":"open","sticky":false,"template":"","format":"standard","meta":{"footnotes":""},"categories":[110,2],"tags":[],"class_list":["post-13465","post","type-post","status-publish","format-standard","has-post-thumbnail","hentry","category-noticiasdestaque","category-policial"],"_links":{"self":[{"href":"https:\/\/jorgezanoni.com.br\/2019\/wp-json\/wp\/v2\/posts\/13465","targetHints":{"allow":["GET"]}}],"collection":[{"href":"https:\/\/jorgezanoni.com.br\/2019\/wp-json\/wp\/v2\/posts"}],"about":[{"href":"https:\/\/jorgezanoni.com.br\/2019\/wp-json\/wp\/v2\/types\/post"}],"author":[{"embeddable":true,"href":"https:\/\/jorgezanoni.com.br\/2019\/wp-json\/wp\/v2\/users\/1"}],"replies":[{"embeddable":true,"href":"https:\/\/jorgezanoni.com.br\/2019\/wp-json\/wp\/v2\/comments?post=13465"}],"version-history":[{"count":0,"href":"https:\/\/jorgezanoni.com.br\/2019\/wp-json\/wp\/v2\/posts\/13465\/revisions"}],"wp:featuredmedia":[{"embeddable":true,"href":"https:\/\/jorgezanoni.com.br\/2019\/wp-json\/wp\/v2\/media\/13471"}],"wp:attachment":[{"href":"https:\/\/jorgezanoni.com.br\/2019\/wp-json\/wp\/v2\/media?parent=13465"}],"wp:term":[{"taxonomy":"category","embeddable":true,"href":"https:\/\/jorgezanoni.com.br\/2019\/wp-json\/wp\/v2\/categories?post=13465"},{"taxonomy":"post_tag","embeddable":true,"href":"https:\/\/jorgezanoni.com.br\/2019\/wp-json\/wp\/v2\/tags?post=13465"}],"curies":[{"name":"wp","href":"https:\/\/api.w.org\/{rel}","templated":true}]}}