{"id":13461,"date":"2019-12-08T23:36:53","date_gmt":"2019-12-08T23:36:53","guid":{"rendered":"https:\/\/jorgezanoni.com.br\/2019\/?p=13461"},"modified":"2019-12-08T23:36:53","modified_gmt":"2019-12-08T23:36:53","slug":"apos-cinco-anos-frei-claudio-deixa-dracena","status":"publish","type":"post","link":"https:\/\/jorgezanoni.com.br\/2019\/apos-cinco-anos-frei-claudio-deixa-dracena\/","title":{"rendered":"Ap\u00f3s cinco anos Frei Cl\u00e1udio deixa Dracena"},"content":{"rendered":"<p style=\"text-align: justify;\">A Igreja Matriz Nossa Senhora Aparecida receber\u00e1 os Freis Haroldo e Anderson. Os Freis Airton e Cl\u00f3vis Permanecem, j\u00e1 o Frei Cl\u00e1udio vai para a cidade de Santos Andr\u00e9.<\/p>\n<p>Frei Cl\u00e1udio Moraes Messias que tem doze anos de sacerd\u00f3cio, est\u00e1 em Dracena h\u00e1 cinco anos trabalhando na Par\u00f3quia.<\/p>\n<p><img loading=\"lazy\" decoding=\"async\" class=\"alignnone size-full wp-image-13462\" src=\"https:\/\/jorgezanoni.com.br\/2019\/wp-content\/uploads\/2019\/12\/freis.jpg\" alt=\"\" width=\"869\" height=\"240\" srcset=\"https:\/\/jorgezanoni.com.br\/2019\/wp-content\/uploads\/2019\/12\/freis.jpg 869w, https:\/\/jorgezanoni.com.br\/2019\/wp-content\/uploads\/2019\/12\/freis-300x83.jpg 300w, https:\/\/jorgezanoni.com.br\/2019\/wp-content\/uploads\/2019\/12\/freis-768x212.jpg 768w, https:\/\/jorgezanoni.com.br\/2019\/wp-content\/uploads\/2019\/12\/freis-696x192.jpg 696w\" sizes=\"auto, (max-width: 869px) 100vw, 869px\" \/><\/p>\n<p>Fonte: Diocese de Marilia<\/p>\n","protected":false},"excerpt":{"rendered":"<p>A Igreja Matriz Nossa Senhora Aparecida receber\u00e1 os Freis Haroldo e Anderson. Os Freis Airton e Cl\u00f3vis Permanecem, j\u00e1 o Frei Cl\u00e1udio vai para a cidade de Santos Andr\u00e9. Frei Cl\u00e1udio Moraes Messias que tem doze anos de sacerd\u00f3cio, est\u00e1 em Dracena h\u00e1 cinco anos trabalhando na Par\u00f3quia. Fonte: Diocese de Marilia<\/p>\n","protected":false},"author":1,"featured_media":13463,"comment_status":"closed","ping_status":"open","sticky":false,"template":"","format":"standard","meta":{"footnotes":""},"categories":[110,118],"tags":[],"class_list":["post-13461","post","type-post","status-publish","format-standard","has-post-thumbnail","hentry","category-noticiasdestaque","category-religiaoesolidariedade"],"_links":{"self":[{"href":"https:\/\/jorgezanoni.com.br\/2019\/wp-json\/wp\/v2\/posts\/13461","targetHints":{"allow":["GET"]}}],"collection":[{"href":"https:\/\/jorgezanoni.com.br\/2019\/wp-json\/wp\/v2\/posts"}],"about":[{"href":"https:\/\/jorgezanoni.com.br\/2019\/wp-json\/wp\/v2\/types\/post"}],"author":[{"embeddable":true,"href":"https:\/\/jorgezanoni.com.br\/2019\/wp-json\/wp\/v2\/users\/1"}],"replies":[{"embeddable":true,"href":"https:\/\/jorgezanoni.com.br\/2019\/wp-json\/wp\/v2\/comments?post=13461"}],"version-history":[{"count":0,"href":"https:\/\/jorgezanoni.com.br\/2019\/wp-json\/wp\/v2\/posts\/13461\/revisions"}],"wp:featuredmedia":[{"embeddable":true,"href":"https:\/\/jorgezanoni.com.br\/2019\/wp-json\/wp\/v2\/media\/13463"}],"wp:attachment":[{"href":"https:\/\/jorgezanoni.com.br\/2019\/wp-json\/wp\/v2\/media?parent=13461"}],"wp:term":[{"taxonomy":"category","embeddable":true,"href":"https:\/\/jorgezanoni.com.br\/2019\/wp-json\/wp\/v2\/categories?post=13461"},{"taxonomy":"post_tag","embeddable":true,"href":"https:\/\/jorgezanoni.com.br\/2019\/wp-json\/wp\/v2\/tags?post=13461"}],"curies":[{"name":"wp","href":"https:\/\/api.w.org\/{rel}","templated":true}]}}