{"id":13454,"date":"2019-12-08T23:07:29","date_gmt":"2019-12-08T23:07:29","guid":{"rendered":"https:\/\/jorgezanoni.com.br\/2019\/?p=13454"},"modified":"2019-12-08T23:07:29","modified_gmt":"2019-12-08T23:07:29","slug":"capotamento-de-veiculo-mata-jovem-e-deixa-4-feridos","status":"publish","type":"post","link":"https:\/\/jorgezanoni.com.br\/2019\/capotamento-de-veiculo-mata-jovem-e-deixa-4-feridos\/","title":{"rendered":"Capotamento de ve\u00edculo mata jovem e deixa 4 feridos"},"content":{"rendered":"<p style=\"text-align: justify;\">Um capotamento foi registrado na tarde deste domingo (08) em uma estrada rural pr\u00f3ximo a agrovila 2 em Presidente Epit\u00e1cio. De acordo com as informa\u00e7\u00f5es apuradas pela equipe de reportagem do\u00a0<strong><em>PORTAL BUENO<\/em><\/strong>, cinco pessoas estavam dentro do ve\u00edculo Uno que ficou parcialmente destru\u00eddo com o acidente. Um dos ocupantes do ve\u00edculo n\u00e3o resistiu e morreu no local.<\/p>\n<p style=\"text-align: justify;\">O motorista conduzia o ve\u00edculo pela estrada vicinal\u00a0nas proximidades da agrovila 2 e por raz\u00f5es desconhecidas perdeu o controle da dire\u00e7\u00e3o. O ve\u00edculo capotou e caiu para fora da pista em parte de terra.<\/p>\n<p style=\"text-align: justify;\">O Corpo de Bombeiros foi acionado para atender a ocorr\u00eancia e removeu das ferragens do ve\u00edculo as v\u00edtimas. Quatro\u00a0deles foram encaminhados para a Santa Casa de Presidente Epit\u00e1cio. Um dos feridos \u00e9 um jovem de 16 anos e apresenta gravidade no quadro cl\u00ednico e foi transferido para um hospital de Presidente Prudente.<\/p>\n<p><img loading=\"lazy\" decoding=\"async\" class=\"alignnone size-full wp-image-13456\" src=\"https:\/\/jorgezanoni.com.br\/2019\/wp-content\/uploads\/2019\/12\/vences1.jpg\" alt=\"\" width=\"708\" height=\"422\" srcset=\"https:\/\/jorgezanoni.com.br\/2019\/wp-content\/uploads\/2019\/12\/vences1.jpg 708w, https:\/\/jorgezanoni.com.br\/2019\/wp-content\/uploads\/2019\/12\/vences1-300x179.jpg 300w, https:\/\/jorgezanoni.com.br\/2019\/wp-content\/uploads\/2019\/12\/vences1-696x415.jpg 696w, https:\/\/jorgezanoni.com.br\/2019\/wp-content\/uploads\/2019\/12\/vences1-705x420.jpg 705w\" sizes=\"auto, (max-width: 708px) 100vw, 708px\" \/><\/p>\n<p style=\"text-align: justify;\"><strong>V\u00edtima fatal<\/strong><br \/>\nO jovem Viny Edson, cuja idade ainda n\u00e3o foi revelada, chegou em \u00f3bito na Santa Casa. Ele residia na agrovila 3 na cidade de Caiu\u00e1\u00a0e estava dentro do ve\u00edculo.<\/p>\n<p style=\"text-align: justify;\">A per\u00edcia t\u00e9cnica foi acionada para elaborar um laudo e apurar as causas do acidente.<\/p>\n<p><img loading=\"lazy\" decoding=\"async\" class=\"alignnone size-full wp-image-13457\" src=\"https:\/\/jorgezanoni.com.br\/2019\/wp-content\/uploads\/2019\/12\/vences2.jpg\" alt=\"\" width=\"540\" height=\"402\" srcset=\"https:\/\/jorgezanoni.com.br\/2019\/wp-content\/uploads\/2019\/12\/vences2.jpg 540w, https:\/\/jorgezanoni.com.br\/2019\/wp-content\/uploads\/2019\/12\/vences2-300x223.jpg 300w, https:\/\/jorgezanoni.com.br\/2019\/wp-content\/uploads\/2019\/12\/vences2-80x60.jpg 80w, https:\/\/jorgezanoni.com.br\/2019\/wp-content\/uploads\/2019\/12\/vences2-265x198.jpg 265w\" sizes=\"auto, (max-width: 540px) 100vw, 540px\" \/> <img loading=\"lazy\" decoding=\"async\" class=\"alignnone size-full wp-image-13458\" src=\"https:\/\/jorgezanoni.com.br\/2019\/wp-content\/uploads\/2019\/12\/vences3.jpg\" alt=\"\" width=\"640\" height=\"480\" srcset=\"https:\/\/jorgezanoni.com.br\/2019\/wp-content\/uploads\/2019\/12\/vences3.jpg 640w, https:\/\/jorgezanoni.com.br\/2019\/wp-content\/uploads\/2019\/12\/vences3-300x225.jpg 300w, https:\/\/jorgezanoni.com.br\/2019\/wp-content\/uploads\/2019\/12\/vences3-80x60.jpg 80w, https:\/\/jorgezanoni.com.br\/2019\/wp-content\/uploads\/2019\/12\/vences3-265x198.jpg 265w, https:\/\/jorgezanoni.com.br\/2019\/wp-content\/uploads\/2019\/12\/vences3-560x420.jpg 560w\" sizes=\"auto, (max-width: 640px) 100vw, 640px\" \/><\/p>\n<p>Fonte: Portal Bueno<\/p>\n","protected":false},"excerpt":{"rendered":"<p>Um capotamento foi registrado na tarde deste domingo (08) em uma estrada rural pr\u00f3ximo a agrovila 2 em Presidente Epit\u00e1cio. De acordo com as informa\u00e7\u00f5es apuradas pela equipe de reportagem do\u00a0PORTAL BUENO, cinco pessoas estavam dentro do ve\u00edculo Uno que ficou parcialmente destru\u00eddo com o acidente. Um dos ocupantes do ve\u00edculo n\u00e3o resistiu e morreu [&hellip;]<\/p>\n","protected":false},"author":1,"featured_media":13459,"comment_status":"closed","ping_status":"open","sticky":false,"template":"","format":"standard","meta":{"footnotes":""},"categories":[170,110],"tags":[],"class_list":["post-13454","post","type-post","status-publish","format-standard","has-post-thumbnail","hentry","category-acidentes","category-noticiasdestaque"],"_links":{"self":[{"href":"https:\/\/jorgezanoni.com.br\/2019\/wp-json\/wp\/v2\/posts\/13454","targetHints":{"allow":["GET"]}}],"collection":[{"href":"https:\/\/jorgezanoni.com.br\/2019\/wp-json\/wp\/v2\/posts"}],"about":[{"href":"https:\/\/jorgezanoni.com.br\/2019\/wp-json\/wp\/v2\/types\/post"}],"author":[{"embeddable":true,"href":"https:\/\/jorgezanoni.com.br\/2019\/wp-json\/wp\/v2\/users\/1"}],"replies":[{"embeddable":true,"href":"https:\/\/jorgezanoni.com.br\/2019\/wp-json\/wp\/v2\/comments?post=13454"}],"version-history":[{"count":0,"href":"https:\/\/jorgezanoni.com.br\/2019\/wp-json\/wp\/v2\/posts\/13454\/revisions"}],"wp:featuredmedia":[{"embeddable":true,"href":"https:\/\/jorgezanoni.com.br\/2019\/wp-json\/wp\/v2\/media\/13459"}],"wp:attachment":[{"href":"https:\/\/jorgezanoni.com.br\/2019\/wp-json\/wp\/v2\/media?parent=13454"}],"wp:term":[{"taxonomy":"category","embeddable":true,"href":"https:\/\/jorgezanoni.com.br\/2019\/wp-json\/wp\/v2\/categories?post=13454"},{"taxonomy":"post_tag","embeddable":true,"href":"https:\/\/jorgezanoni.com.br\/2019\/wp-json\/wp\/v2\/tags?post=13454"}],"curies":[{"name":"wp","href":"https:\/\/api.w.org\/{rel}","templated":true}]}}