{"id":13403,"date":"2019-12-08T14:53:40","date_gmt":"2019-12-08T14:53:40","guid":{"rendered":"https:\/\/jorgezanoni.com.br\/2019\/?p=13403"},"modified":"2019-12-08T14:53:40","modified_gmt":"2019-12-08T14:53:40","slug":"dracena-comemora-74-anos-neste-8-de-dezembro","status":"publish","type":"post","link":"https:\/\/jorgezanoni.com.br\/2019\/dracena-comemora-74-anos-neste-8-de-dezembro\/","title":{"rendered":"Dracena comemora 74 anos neste 8 de dezembro"},"content":{"rendered":"<p style=\"text-align: justify;\"><b>Dracena<\/b>\u00a0\u00e9 um\u00a0<a title=\"Munic\u00edpio\" href=\"https:\/\/pt.wikipedia.org\/wiki\/Munic%C3%ADpio\">munic\u00edpio<\/a>\u00a0<a title=\"Brasil\" href=\"https:\/\/pt.wikipedia.org\/wiki\/Brasil\">brasileiro<\/a>\u00a0no\u00a0<a title=\"Interior de S\u00e3o Paulo\" href=\"https:\/\/pt.wikipedia.org\/wiki\/Interior_de_S%C3%A3o_Paulo\">interior<\/a>\u00a0do\u00a0<a class=\"mw-redirect\" title=\"Unidades federativas do Brasil\" href=\"https:\/\/pt.wikipedia.org\/wiki\/Unidades_federativas_do_Brasil\">estado<\/a>\u00a0de\u00a0<a title=\"S\u00e3o Paulo (estado)\" href=\"https:\/\/pt.wikipedia.org\/wiki\/S%C3%A3o_Paulo_(estado)\">S\u00e3o Paulo<\/a>,\u00a0<a title=\"Regi\u00e3o Sudeste do Brasil\" href=\"https:\/\/pt.wikipedia.org\/wiki\/Regi%C3%A3o_Sudeste_do_Brasil\">Regi\u00e3o Sudeste do pa\u00eds<\/a>. Pertencente \u00e0\u00a0<a class=\"mw-redirect\" title=\"Microrregi\u00e3o de Dracena\" href=\"https:\/\/pt.wikipedia.org\/wiki\/Microrregi%C3%A3o_de_Dracena\">Microrregi\u00e3o de Dracena<\/a>\u00a0e\u00a0<a class=\"mw-redirect\" title=\"Mesorregi\u00e3o de Presidente Prudente\" href=\"https:\/\/pt.wikipedia.org\/wiki\/Mesorregi%C3%A3o_de_Presidente_Prudente\">Mesorregi\u00e3o de Presidente Prudente<\/a>, localiza-se a oeste da\u00a0<a class=\"mw-redirect\" title=\"S\u00e3o Paulo (cidade)\" href=\"https:\/\/pt.wikipedia.org\/wiki\/S%C3%A3o_Paulo_(cidade)\">capital do estado<\/a>, distando desta cerca de 650\u00a0km. Ocupa uma\u00a0<a title=\"\u00c1rea\" href=\"https:\/\/pt.wikipedia.org\/wiki\/%C3%81rea\">\u00e1rea<\/a>\u00a0de 488,041\u00a0km\u00b2<sup id=\"cite_ref-IBGE_\u00c1rea_2-1\" class=\"reference\"><a href=\"https:\/\/pt.wikipedia.org\/wiki\/Dracena#cite_note-IBGE_%C3%81rea-2\">[2]<\/a><\/sup>\u00a0e a sua popula\u00e7\u00e3o \u00e9 de 46\u00a0536 habitantes, de acordo com a estimativa do\u00a0<a title=\"Instituto Brasileiro de Geografia e Estat\u00edstica\" href=\"https:\/\/pt.wikipedia.org\/wiki\/Instituto_Brasileiro_de_Geografia_e_Estat%C3%ADstica\">Instituto Brasileiro de Geografia e Estat\u00edstica<\/a>\u00a0(IBGE) de 2018.<sup id=\"cite_ref-IBGE_Pop_2018_3-1\" class=\"reference\"><a href=\"https:\/\/pt.wikipedia.org\/wiki\/Dracena#cite_note-IBGE_Pop_2018-3\">[3]<\/a><\/sup>\u00a0O munic\u00edpio \u00e9 formado pela sede e pelos distritos de\u00a0<a title=\"Jacipor\u00e3\" href=\"https:\/\/pt.wikipedia.org\/wiki\/Jacipor%C3%A3\">Jacipor\u00e3<\/a>\u00a0e\u00a0<a title=\"Jamaica (Dracena)\" href=\"https:\/\/pt.wikipedia.org\/wiki\/Jamaica_(Dracena)\">Jamaica<\/a><sup id=\"cite_ref-6\" class=\"reference\"><a href=\"https:\/\/pt.wikipedia.org\/wiki\/Dracena#cite_note-6\">[6]<\/a><\/sup><sup id=\"cite_ref-7\" class=\"reference\"><a href=\"https:\/\/pt.wikipedia.org\/wiki\/Dracena#cite_note-7\">[7]<\/a><\/sup>.<\/p>\n<p style=\"text-align: justify;\">Dracena foi emancipada de Gracian\u00f3polis (atualmente\u00a0<a title=\"Tupi Paulista\" href=\"https:\/\/pt.wikipedia.org\/wiki\/Tupi_Paulista\">Tupi Paulista<\/a>), por meio de uma proposta apresentada pelo\u00a0<a title=\"Deputado estadual\" href=\"https:\/\/pt.wikipedia.org\/wiki\/Deputado_estadual\">deputado estadual<\/a>\u00a0<a class=\"mw-redirect\" title=\"Ulisses Guimar\u00e3es\" href=\"https:\/\/pt.wikipedia.org\/wiki\/Ulisses_Guimar%C3%A3es\">Ulisses Guimar\u00e3es<\/a>. A vers\u00e3o de sua etimologia \u00e9 que o nome seja uma refer\u00eancia a uma planta ornamental, cujas folhas t\u00eam a colora\u00e7\u00e3o verde e amarela, pertencente \u00e0 fam\u00edlia das lili\u00e1ceas. O nome fora escolhido por meio de um concurso organizado pelos fundadores de Dracena.<sup id=\"cite_ref-Hist\u00f3ria1_8-0\" class=\"reference\"><a href=\"https:\/\/pt.wikipedia.org\/wiki\/Dracena#cite_note-Hist%C3%B3ria1-8\">[8]<\/a><\/sup><sup id=\"cite_ref-Hist\u00f3ria2_9-0\" class=\"reference\"><a href=\"https:\/\/pt.wikipedia.org\/wiki\/Dracena#cite_note-Hist%C3%B3ria2-9\">[9]<\/a><\/sup><sup id=\"cite_ref-Hist\u00f3ria3_10-0\" class=\"reference\"><a href=\"https:\/\/pt.wikipedia.org\/wiki\/Dracena#cite_note-Hist%C3%B3ria3-10\">[10]<\/a><\/sup>\u00a0Atualmente sua principal fonte de renda \u00e9 o setor de presta\u00e7\u00e3o de servi\u00e7os, tendo o\u00a0<a title=\"Com\u00e9rcio\" href=\"https:\/\/pt.wikipedia.org\/wiki\/Com%C3%A9rcio\">com\u00e9rcio<\/a>\u00a0como importante atividade econ\u00f4mica.<sup id=\"cite_ref-IBGE_PIB_5-2\" class=\"reference\"><a href=\"https:\/\/pt.wikipedia.org\/wiki\/Dracena#cite_note-IBGE_PIB-5\">[5]<\/a><\/sup><\/p>\n<p style=\"text-align: justify;\">Seu principal e mais tradicional clube de futebol \u00e9 o\u00a0<a title=\"Dracena Futebol Clube\" href=\"https:\/\/pt.wikipedia.org\/wiki\/Dracena_Futebol_Clube\">Dracena Futebol Clube<\/a>, fundado em julho de 1948.<sup id=\"cite_ref-DFC_11-0\" class=\"reference\"><a href=\"https:\/\/pt.wikipedia.org\/wiki\/Dracena#cite_note-DFC-11\">[11]<\/a><\/sup>\u00a0Dracena \u00e9 sede tamb\u00e9m de diversos eventos anuais, como a Feira de Artesanato de Dracena e a Feira de Agropecu\u00e1ria de Dracena, que s\u00e3o importantes exposi\u00e7\u00f5es culturais e econ\u00f4micas.<\/p>\n<p style=\"text-align: justify;\"><strong>HIST\u00d3RIA:<\/strong><\/p>\n<p style=\"text-align: justify;\">A funda\u00e7\u00e3o de Dracena ocorreu em 8 de dezembro de 1945, quando Irio Spinardi, Jo\u00e3o Vendramini, Virg\u00edlio e Flor\u00eancio Fioravanti tomaram uma iniciativa de estabelecer um n\u00facleo na zona da mata, localizada no\u00a0<a class=\"mw-redirect\" title=\"Oeste Paulista\" href=\"https:\/\/pt.wikipedia.org\/wiki\/Oeste_Paulista\">Oeste Paulista<\/a>. Nesse dia ocorria uma cerim\u00f4nia, cerim\u00f4nia, que contou com uma grande n\u00famero de pessoas; nela, estava sendo lan\u00e7ada a pedra fundamental (ap\u00f3s o t\u00e9rmino da constru\u00e7\u00e3o de um rancho de pau-a-pique) que originou o munic\u00edpio.<sup id=\"cite_ref-Hist\u00f3ria3_10-1\" class=\"reference\"><a href=\"https:\/\/pt.wikipedia.org\/wiki\/Dracena#cite_note-Hist%C3%B3ria3-10\">[10]<\/a><\/sup>\u00a0Dracena se tornou oficialmente munic\u00edpio de\u00a0<a title=\"S\u00e3o Paulo (estado)\" href=\"https:\/\/pt.wikipedia.org\/wiki\/S%C3%A3o_Paulo_(estado)\">S\u00e3o Paulo<\/a>\u00a0atrav\u00e9s da Lei Estadual n.\u00ba 233, por meio de uma proposta apresentada pelo deputado estadual\u00a0<a class=\"mw-redirect\" title=\"Ulisses Guimar\u00e3es\" href=\"https:\/\/pt.wikipedia.org\/wiki\/Ulisses_Guimar%C3%A3es\">Ulisses Guimar\u00e3es<\/a>, que o desmembrou de Gracian\u00f3polis (atualmente\u00a0<a title=\"Tupi Paulista\" href=\"https:\/\/pt.wikipedia.org\/wiki\/Tupi_Paulista\">Tupi Paulista<\/a>). Ao ser desmembrada, o munic\u00edpio era composto de tr\u00eas distritos: Dracena, Jacipor\u00e3 e Ouro Verde. A instala\u00e7\u00e3o oficial ocorreu em 4 de abril de 1949, quando tomava posse o primeiro prefeito do munic\u00edpio,\u00a0<a class=\"new\" title=\"\u00cdrio Spinardi (p\u00e1gina n\u00e3o existe)\" href=\"https:\/\/pt.wikipedia.org\/w\/index.php?title=%C3%8Drio_Spinardi&amp;action=edit&amp;redlink=1\">\u00cdrio Spinardi<\/a>, um dos fundadores de Dracena, e o primeiro presidente da C\u00e2mara de Vereadores,\u00a0<a class=\"new\" title=\"Messias Ferreira da Palma (p\u00e1gina n\u00e3o existe)\" href=\"https:\/\/pt.wikipedia.org\/w\/index.php?title=Messias_Ferreira_da_Palma&amp;action=edit&amp;redlink=1\">Messias Ferreira da Palma<\/a>.<sup id=\"cite_ref-Hist\u00f3ria1_8-1\" class=\"reference\"><a href=\"https:\/\/pt.wikipedia.org\/wiki\/Dracena#cite_note-Hist%C3%B3ria1-8\">[8]<\/a><\/sup><sup id=\"cite_ref-Hist\u00f3ria2_9-1\" class=\"reference\"><a href=\"https:\/\/pt.wikipedia.org\/wiki\/Dracena#cite_note-Hist%C3%B3ria2-9\">[9]<\/a><\/sup><\/p>\n<p style=\"text-align: justify;\">Ap\u00f3s o planejamento do munic\u00edpio, a gleba passou a ser subdividida em pequenas propriedades, dando melhores oportunidades de aquisi\u00e7\u00e3o, e houve, ao mesmo tempo, a constru\u00e7\u00e3o de um hotel a partir de um pr\u00e9dio com dois pavimentos, constituindo assim o povoamento.<sup id=\"cite_ref-Hist\u00f3ria1_8-2\" class=\"reference\"><a href=\"https:\/\/pt.wikipedia.org\/wiki\/Dracena#cite_note-Hist%C3%B3ria1-8\">[8]<\/a><\/sup>\u00a0A constru\u00e7\u00e3o de uma ferrovi\u00e1ria, e de casas e a doa\u00e7\u00e3o de terras a pequenos propriet\u00e1rios<sup id=\"cite_ref-Hist\u00f3ria3_10-2\" class=\"reference\"><a href=\"https:\/\/pt.wikipedia.org\/wiki\/Dracena#cite_note-Hist%C3%B3ria3-10\">[10]<\/a><\/sup>\u00a0foram os principais motivos que levaram Dracena a um importante progresso, em dezembro de 1948, data de sua funda\u00e7\u00e3o. Cinco anos depois, em\u00a0<a title=\"30 de dezembro\" href=\"https:\/\/pt.wikipedia.org\/wiki\/30_de_dezembro\">30 de dezembro<\/a>\u00a0de\u00a0<a title=\"1953\" href=\"https:\/\/pt.wikipedia.org\/wiki\/1953\">1953<\/a>, a lei estadual n\u00ba 2456 desmembra de Dracena o distrito de Ouro Verde, tornando-se munic\u00edpio de\u00a0<a title=\"S\u00e3o Paulo (estado)\" href=\"https:\/\/pt.wikipedia.org\/wiki\/S%C3%A3o_Paulo_(estado)\">S\u00e3o Paulo<\/a>. A mesma lei criou o distrito de\u00a0<a title=\"Jamaica (Dracena)\" href=\"https:\/\/pt.wikipedia.org\/wiki\/Jamaica_(Dracena)\">Jamaica<\/a>, cuja terra foi desmembrada do distrito de\u00a0<a title=\"Ouro Verde (S\u00e3o Paulo)\" href=\"https:\/\/pt.wikipedia.org\/wiki\/Ouro_Verde_(S%C3%A3o_Paulo)\">Ouro Verde<\/a>. Em 1960, Dracena era formada pelos distritos de Dracena, Jacipor\u00e3 e Jamaica. A partir da\u00ed, o munic\u00edpio n\u00e3o sofreu mais nenhuma altera\u00e7\u00e3o em seu territ\u00f3rio.<sup id=\"cite_ref-Hist\u00f3ria1_8-3\" class=\"reference\"><a href=\"https:\/\/pt.wikipedia.org\/wiki\/Dracena#cite_note-Hist%C3%B3ria1-8\">[8]<\/a><\/sup><sup id=\"cite_ref-Hist\u00f3ria3_10-3\" class=\"reference\"><a href=\"https:\/\/pt.wikipedia.org\/wiki\/Dracena#cite_note-Hist%C3%B3ria3-10\">[10]<\/a><\/sup><\/p>\n<p><img loading=\"lazy\" decoding=\"async\" class=\"alignnone size-full wp-image-13404\" src=\"https:\/\/jorgezanoni.com.br\/2019\/wp-content\/uploads\/2019\/12\/dracena-1.jpg\" alt=\"\" width=\"150\" height=\"202\" \/><\/p>\n<p style=\"text-align: justify;\">O nome &#8220;Dracena&#8221; veio de um concurso organizado pelos desbravadores Irio Spinardi, Jo\u00e3o Vandramini, Virg\u00edlio e Flor\u00eancio Fioravanti, fundadores do munic\u00edpio. Esse concurso foi organizado em\u00a0<a title=\"Tup\u00e3 (S\u00e3o Paulo)\" href=\"https:\/\/pt.wikipedia.org\/wiki\/Tup%C3%A3_(S%C3%A3o_Paulo)\">Tup\u00e3<\/a>, a cerca de 120 quil\u00f4metros do local. O nome faz refer\u00eancia a\u00a0<a class=\"mw-redirect\" title=\"Dracena (planta)\" href=\"https:\/\/pt.wikipedia.org\/wiki\/Dracena_(planta)\">planta ornamental de mesmo nome<\/a>, cujas folhas t\u00eam a colora\u00e7\u00e3o verde e amarela, pertencente \u00e0 fam\u00edlia das lili\u00e1ceas.<sup id=\"cite_ref-Hist\u00f3ria1_8-4\" class=\"reference\"><a href=\"https:\/\/pt.wikipedia.org\/wiki\/Dracena#cite_note-Hist%C3%B3ria1-8\">[8]<\/a><\/sup><\/p>\n<p>Fonte: https:\/\/pt.wikipedia.org\/wiki\/Dracena<\/p>\n<p>O Site JZ parabeniza a todos que constru\u00edram essa hist\u00f3ria.<\/p>\n<p>Jorge Zanoni<\/p>\n<p>Imagem Arquivo<\/p>\n","protected":false},"excerpt":{"rendered":"<p>Dracena\u00a0\u00e9 um\u00a0munic\u00edpio\u00a0brasileiro\u00a0no\u00a0interior\u00a0do\u00a0estado\u00a0de\u00a0S\u00e3o Paulo,\u00a0Regi\u00e3o Sudeste do pa\u00eds. Pertencente \u00e0\u00a0Microrregi\u00e3o de Dracena\u00a0e\u00a0Mesorregi\u00e3o de Presidente Prudente, localiza-se a oeste da\u00a0capital do estado, distando desta cerca de 650\u00a0km. Ocupa uma\u00a0\u00e1rea\u00a0de 488,041\u00a0km\u00b2[2]\u00a0e a sua popula\u00e7\u00e3o \u00e9 de 46\u00a0536 habitantes, de acordo com a estimativa do\u00a0Instituto Brasileiro de Geografia e Estat\u00edstica\u00a0(IBGE) de 2018.[3]\u00a0O munic\u00edpio \u00e9 formado pela sede e pelos distritos [&hellip;]<\/p>\n","protected":false},"author":1,"featured_media":13405,"comment_status":"closed","ping_status":"open","sticky":false,"template":"","format":"standard","meta":{"footnotes":""},"categories":[179,184,110],"tags":[],"class_list":["post-13403","post","type-post","status-publish","format-standard","has-post-thumbnail","hentry","category-cidadeseregiao","category-dracena","category-noticiasdestaque"],"_links":{"self":[{"href":"https:\/\/jorgezanoni.com.br\/2019\/wp-json\/wp\/v2\/posts\/13403","targetHints":{"allow":["GET"]}}],"collection":[{"href":"https:\/\/jorgezanoni.com.br\/2019\/wp-json\/wp\/v2\/posts"}],"about":[{"href":"https:\/\/jorgezanoni.com.br\/2019\/wp-json\/wp\/v2\/types\/post"}],"author":[{"embeddable":true,"href":"https:\/\/jorgezanoni.com.br\/2019\/wp-json\/wp\/v2\/users\/1"}],"replies":[{"embeddable":true,"href":"https:\/\/jorgezanoni.com.br\/2019\/wp-json\/wp\/v2\/comments?post=13403"}],"version-history":[{"count":0,"href":"https:\/\/jorgezanoni.com.br\/2019\/wp-json\/wp\/v2\/posts\/13403\/revisions"}],"wp:featuredmedia":[{"embeddable":true,"href":"https:\/\/jorgezanoni.com.br\/2019\/wp-json\/wp\/v2\/media\/13405"}],"wp:attachment":[{"href":"https:\/\/jorgezanoni.com.br\/2019\/wp-json\/wp\/v2\/media?parent=13403"}],"wp:term":[{"taxonomy":"category","embeddable":true,"href":"https:\/\/jorgezanoni.com.br\/2019\/wp-json\/wp\/v2\/categories?post=13403"},{"taxonomy":"post_tag","embeddable":true,"href":"https:\/\/jorgezanoni.com.br\/2019\/wp-json\/wp\/v2\/tags?post=13403"}],"curies":[{"name":"wp","href":"https:\/\/api.w.org\/{rel}","templated":true}]}}