{"id":13370,"date":"2019-12-07T23:22:19","date_gmt":"2019-12-07T23:22:19","guid":{"rendered":"https:\/\/jorgezanoni.com.br\/2019\/?p=13370"},"modified":"2019-12-07T23:23:46","modified_gmt":"2019-12-07T23:23:46","slug":"acidente-entre-dois-carros-e-moto-deixa-tres-pessoas-feridas","status":"publish","type":"post","link":"https:\/\/jorgezanoni.com.br\/2019\/acidente-entre-dois-carros-e-moto-deixa-tres-pessoas-feridas\/","title":{"rendered":"Acidente entre dois carros e moto deixa tr\u00eas pessoas feridas"},"content":{"rendered":"<p style=\"text-align: justify;\"><strong>Um acidente ocorrido por volta das 3h30 da manh\u00e3 deste s\u00e1bado (7), na vicinal que liga Adamantina a Mari\u00e1polis deixou tr\u00eas pessoas com ferimentos leves.<\/strong><\/p>\n<p style=\"text-align: justify;\"><img loading=\"lazy\" decoding=\"async\" class=\"alignnone size-full wp-image-13373\" src=\"https:\/\/jorgezanoni.com.br\/2019\/wp-content\/uploads\/2019\/12\/moto2.jpg\" alt=\"\" width=\"870\" height=\"522\" srcset=\"https:\/\/jorgezanoni.com.br\/2019\/wp-content\/uploads\/2019\/12\/moto2.jpg 870w, https:\/\/jorgezanoni.com.br\/2019\/wp-content\/uploads\/2019\/12\/moto2-300x180.jpg 300w, https:\/\/jorgezanoni.com.br\/2019\/wp-content\/uploads\/2019\/12\/moto2-768x461.jpg 768w, https:\/\/jorgezanoni.com.br\/2019\/wp-content\/uploads\/2019\/12\/moto2-696x418.jpg 696w, https:\/\/jorgezanoni.com.br\/2019\/wp-content\/uploads\/2019\/12\/moto2-700x420.jpg 700w\" sizes=\"auto, (max-width: 870px) 100vw, 870px\" \/><\/p>\n<p>Segundo informa\u00e7\u00f5es obtidas pela nossa reportagem, se envolveram neste acidente que aconteceu no km 8 dois ve\u00edculos sendo um Monza e um Golf e uma moto.<\/p>\n<p>Por motivos a serem esclarecidos, os ve\u00edculos colidiram lateralmente e o Golf chocou-se contra a moto. Com o forte impacto entre os ve\u00edculos, o Golf chegou a capotar.<\/p>\n<p style=\"text-align: justify;\"><img loading=\"lazy\" decoding=\"async\" class=\"alignnone size-full wp-image-13372\" src=\"https:\/\/jorgezanoni.com.br\/2019\/wp-content\/uploads\/2019\/12\/moto1.jpg\" alt=\"\" width=\"870\" height=\"522\" srcset=\"https:\/\/jorgezanoni.com.br\/2019\/wp-content\/uploads\/2019\/12\/moto1.jpg 870w, https:\/\/jorgezanoni.com.br\/2019\/wp-content\/uploads\/2019\/12\/moto1-300x180.jpg 300w, https:\/\/jorgezanoni.com.br\/2019\/wp-content\/uploads\/2019\/12\/moto1-768x461.jpg 768w, https:\/\/jorgezanoni.com.br\/2019\/wp-content\/uploads\/2019\/12\/moto1-696x418.jpg 696w, https:\/\/jorgezanoni.com.br\/2019\/wp-content\/uploads\/2019\/12\/moto1-700x420.jpg 700w\" sizes=\"auto, (max-width: 870px) 100vw, 870px\" \/><\/p>\n<p>A Pol\u00edcia Militar Rodovi\u00e1ria \u2013 Base Operacional de Adamantina esteve no local e realizou o teste do baf\u00f4metro em dois condutores sendo constatada a embriaguez em ambos, conforme informou a equipe que atuou nesta ocorr\u00eancia.<\/p>\n<p>O terceiro condutor negou-se a fazer o teste.<\/p>\n<p>Uma equipe da Unidade B\u00e1sica de Atendimento do Departamento de Estradas de Rodagem esteve no local e prestou todo o suporte necess\u00e1rio na sinaliza\u00e7\u00e3o da via e demais procedimentos.<\/p>\n<p>Apesar do susto, os condutores que s\u00e3o moradores de Adamantina, sofreram apenas ferimentos leves.<\/p>\n<p style=\"text-align: justify;\">Fonte: Folha Regional<\/p>\n","protected":false},"excerpt":{"rendered":"<p>Um acidente ocorrido por volta das 3h30 da manh\u00e3 deste s\u00e1bado (7), na vicinal que liga Adamantina a Mari\u00e1polis deixou tr\u00eas pessoas com ferimentos leves. Segundo informa\u00e7\u00f5es obtidas pela nossa reportagem, se envolveram neste acidente que aconteceu no km 8 dois ve\u00edculos sendo um Monza e um Golf e uma moto. Por motivos a serem [&hellip;]<\/p>\n","protected":false},"author":1,"featured_media":13371,"comment_status":"closed","ping_status":"open","sticky":false,"template":"","format":"standard","meta":{"footnotes":""},"categories":[170,110],"tags":[],"class_list":["post-13370","post","type-post","status-publish","format-standard","has-post-thumbnail","hentry","category-acidentes","category-noticiasdestaque"],"_links":{"self":[{"href":"https:\/\/jorgezanoni.com.br\/2019\/wp-json\/wp\/v2\/posts\/13370","targetHints":{"allow":["GET"]}}],"collection":[{"href":"https:\/\/jorgezanoni.com.br\/2019\/wp-json\/wp\/v2\/posts"}],"about":[{"href":"https:\/\/jorgezanoni.com.br\/2019\/wp-json\/wp\/v2\/types\/post"}],"author":[{"embeddable":true,"href":"https:\/\/jorgezanoni.com.br\/2019\/wp-json\/wp\/v2\/users\/1"}],"replies":[{"embeddable":true,"href":"https:\/\/jorgezanoni.com.br\/2019\/wp-json\/wp\/v2\/comments?post=13370"}],"version-history":[{"count":0,"href":"https:\/\/jorgezanoni.com.br\/2019\/wp-json\/wp\/v2\/posts\/13370\/revisions"}],"wp:featuredmedia":[{"embeddable":true,"href":"https:\/\/jorgezanoni.com.br\/2019\/wp-json\/wp\/v2\/media\/13371"}],"wp:attachment":[{"href":"https:\/\/jorgezanoni.com.br\/2019\/wp-json\/wp\/v2\/media?parent=13370"}],"wp:term":[{"taxonomy":"category","embeddable":true,"href":"https:\/\/jorgezanoni.com.br\/2019\/wp-json\/wp\/v2\/categories?post=13370"},{"taxonomy":"post_tag","embeddable":true,"href":"https:\/\/jorgezanoni.com.br\/2019\/wp-json\/wp\/v2\/tags?post=13370"}],"curies":[{"name":"wp","href":"https:\/\/api.w.org\/{rel}","templated":true}]}}