{"id":13363,"date":"2019-12-07T22:15:44","date_gmt":"2019-12-07T22:15:44","guid":{"rendered":"https:\/\/jorgezanoni.com.br\/2019\/?p=13363"},"modified":"2019-12-07T22:16:44","modified_gmt":"2019-12-07T22:16:44","slug":"programa-caldeirao-do-huck-tera-participacao-de-dracenense-no-quadro-encontrando-familias","status":"publish","type":"post","link":"https:\/\/jorgezanoni.com.br\/2019\/programa-caldeirao-do-huck-tera-participacao-de-dracenense-no-quadro-encontrando-familias\/","title":{"rendered":"Programa Caldeir\u00e3o do Huck ter\u00e1 participa\u00e7\u00e3o de dracenense no quadro &#8220;Encontrando Fam\u00edlias&#8221;"},"content":{"rendered":"<p style=\"text-align: justify;\"><strong>Dracenense participar\u00e1 do quadro &#8220;Encontrando Fam\u00edlias&#8221; do dia 1\u00ba de fevereiro de 2020, no Caldeir\u00e3o, com apresenta\u00e7\u00e3o de Luciano Huck<\/strong><\/p>\n<p><img loading=\"lazy\" decoding=\"async\" class=\"alignnone size-full wp-image-13365\" src=\"https:\/\/jorgezanoni.com.br\/2019\/wp-content\/uploads\/2019\/12\/Hulk1.jpg\" alt=\"\" width=\"720\" height=\"720\" srcset=\"https:\/\/jorgezanoni.com.br\/2019\/wp-content\/uploads\/2019\/12\/Hulk1.jpg 720w, https:\/\/jorgezanoni.com.br\/2019\/wp-content\/uploads\/2019\/12\/Hulk1-150x150.jpg 150w, https:\/\/jorgezanoni.com.br\/2019\/wp-content\/uploads\/2019\/12\/Hulk1-300x300.jpg 300w, https:\/\/jorgezanoni.com.br\/2019\/wp-content\/uploads\/2019\/12\/Hulk1-696x696.jpg 696w, https:\/\/jorgezanoni.com.br\/2019\/wp-content\/uploads\/2019\/12\/Hulk1-420x420.jpg 420w\" sizes=\"auto, (max-width: 720px) 100vw, 720px\" \/>No destaque a dracenense J\u00e9ssica Nayara<\/p>\n<p style=\"text-align: justify;\">A moradora e funcion\u00e1ria de uma loja de presentes em Dracena, J\u00e9ssica Nayara Pereira da Silva, esteve na \u00faltima quarta-feira (4) na cidade de Foz do Igua\u00e7u, onde ap\u00f3s 20 anos reencontrou sua irm\u00e3.<\/p>\n<p style=\"text-align: justify;\">Ainda crian\u00e7as, as irm\u00e3s perderam a m\u00e3e assassinada e acabaram se separando. Quem escreveu a carta foi a irm\u00e3 de Foz do Igua\u00e7u.<\/p>\n<p>Jorge Zanoni<\/p>\n<p style=\"text-align: justify;\">Veja no Link abaixo a visita de Luciano e o encontro das irm\u00e3s no estado do Paran\u00e1.<\/p>\n<p style=\"text-align: justify;\">https:\/\/iguacunews.com.br\/noticia\/1230\/luciano-huck-grava-programa-nas-cataratas-do-iguacu.html?fbclid=IwAR1g40iCcKApDIVV64tiyUFwMWausG5FUxR4iOQKy-D9Bx7e8d5gmmni5vg<\/p>\n","protected":false},"excerpt":{"rendered":"<p>Dracenense participar\u00e1 do quadro &#8220;Encontrando Fam\u00edlias&#8221; do dia 1\u00ba de fevereiro de 2020, no Caldeir\u00e3o, com apresenta\u00e7\u00e3o de Luciano Huck No destaque a dracenense J\u00e9ssica Nayara A moradora e funcion\u00e1ria de uma loja de presentes em Dracena, J\u00e9ssica Nayara Pereira da Silva, esteve na \u00faltima quarta-feira (4) na cidade de Foz do Igua\u00e7u, onde ap\u00f3s [&hellip;]<\/p>\n","protected":false},"author":1,"featured_media":13364,"comment_status":"closed","ping_status":"open","sticky":false,"template":"","format":"standard","meta":{"footnotes":""},"categories":[114,110],"tags":[],"class_list":["post-13363","post","type-post","status-publish","format-standard","has-post-thumbnail","hentry","category-geralecomercio","category-noticiasdestaque"],"_links":{"self":[{"href":"https:\/\/jorgezanoni.com.br\/2019\/wp-json\/wp\/v2\/posts\/13363","targetHints":{"allow":["GET"]}}],"collection":[{"href":"https:\/\/jorgezanoni.com.br\/2019\/wp-json\/wp\/v2\/posts"}],"about":[{"href":"https:\/\/jorgezanoni.com.br\/2019\/wp-json\/wp\/v2\/types\/post"}],"author":[{"embeddable":true,"href":"https:\/\/jorgezanoni.com.br\/2019\/wp-json\/wp\/v2\/users\/1"}],"replies":[{"embeddable":true,"href":"https:\/\/jorgezanoni.com.br\/2019\/wp-json\/wp\/v2\/comments?post=13363"}],"version-history":[{"count":0,"href":"https:\/\/jorgezanoni.com.br\/2019\/wp-json\/wp\/v2\/posts\/13363\/revisions"}],"wp:featuredmedia":[{"embeddable":true,"href":"https:\/\/jorgezanoni.com.br\/2019\/wp-json\/wp\/v2\/media\/13364"}],"wp:attachment":[{"href":"https:\/\/jorgezanoni.com.br\/2019\/wp-json\/wp\/v2\/media?parent=13363"}],"wp:term":[{"taxonomy":"category","embeddable":true,"href":"https:\/\/jorgezanoni.com.br\/2019\/wp-json\/wp\/v2\/categories?post=13363"},{"taxonomy":"post_tag","embeddable":true,"href":"https:\/\/jorgezanoni.com.br\/2019\/wp-json\/wp\/v2\/tags?post=13363"}],"curies":[{"name":"wp","href":"https:\/\/api.w.org\/{rel}","templated":true}]}}