{"id":13358,"date":"2019-12-07T21:50:11","date_gmt":"2019-12-07T21:50:11","guid":{"rendered":"https:\/\/jorgezanoni.com.br\/2019\/?p=13358"},"modified":"2019-12-07T21:50:11","modified_gmt":"2019-12-07T21:50:11","slug":"policia-civil-faz-apreensao-de-remedios-para-emagrecimento-em-desacordo-com-resolucao-da-anvisa-em-panorama","status":"publish","type":"post","link":"https:\/\/jorgezanoni.com.br\/2019\/policia-civil-faz-apreensao-de-remedios-para-emagrecimento-em-desacordo-com-resolucao-da-anvisa-em-panorama\/","title":{"rendered":"Pol\u00edcia Civil faz apreens\u00e3o de rem\u00e9dios para emagrecimento em desacordo com Resolu\u00e7\u00e3o da Anvisa em Panorama"},"content":{"rendered":"<p style=\"text-align: justify;\">A Pol\u00edcia Civil, por interm\u00e9dio da Delegacia de Pol\u00edcia de Panorama, nessa quinta-feira (5), cumpriu dois mandados de busca e apreens\u00e3o domiciliar contra pessoas investigadas por comercializarem produtos para emagrecimento, cuja a venda estaria em desacordo com regras da Anvisa (Ag\u00eancia Nacional de Vigil\u00e2ncia Sanit\u00e1ria), e que tamb\u00e9m poderiam causar danos \u00e0 sa\u00fade.<br \/>\nA\u00e7\u00e3o resultou na apreens\u00e3o de 49 frascos do medicamento, e 11comprimidos avulsos, localizados em duas resid\u00eancias na cidade de Panorama, os frascos eram vendidos por cerca de 200 reais cada um. Folhas com anota\u00e7\u00f5es com conte\u00fado referente a supostas vendas dos produtos tamb\u00e9m foi apreendido numa resid\u00eancia.<br \/>\nA investiga\u00e7\u00e3o policial teve in\u00edcio ap\u00f3s informa\u00e7\u00e3o recebida da Vigil\u00e2ncia Sanit\u00e1ria Municipal que tais medicamentos estavam sendo comercializado na cidade de Panorama, que a venda estava sendo feita por particulares em suas casas e que, portanto, estavam impedidos de realizar a fiscaliza\u00e7\u00e3o no local por n\u00e3o se tratar de um estabelecimento comercial. Diante do noticiado, a Pol\u00edcia Civil buscou identificar os prov\u00e1veis locais e quem seriam as pessoas respons\u00e1veis por estarem comercializando os produtos de forma irregular e proibida.<br \/>\nCom o fundamento da exist\u00eancia de um potencial crime contra a sa\u00fade p\u00fablica, corroborado pela investiga\u00e7\u00e3o de campo, a Pol\u00edcia Civil representou pela expedi\u00e7\u00e3o de mandados de busca e apreens\u00e3o domiciliar em dois endere\u00e7os, os quais tiveram parecer favor\u00e1vel do Minist\u00e9rio P\u00fablico e deferidos pelo Poder Judici\u00e1rio.<br \/>\nFoi instaurado um Inqu\u00e9rito Policial, e em raz\u00e3o deste contexto, n\u00e3o foi realizada nenhuma pris\u00e3o, os produtos apreendidos ser\u00e3o encaminhados para realiza\u00e7\u00e3o de per\u00edcia, e posteriormente ser\u00e3o destru\u00eddos. As pessoas respons\u00e1veis pela venda clandestina caso venham a ser condenados, poder\u00e3o pegar pena de 10 a 15 anos de pris\u00e3o.<br \/>\nA Pol\u00edcia Civil ainda orienta a popula\u00e7\u00e3o sobre o risco da compra medicamentos sem receitu\u00e1rios m\u00e9dicos e em locais n\u00e3o autorizados. E a necessidade de sempre procurar um especialista na \u00e1rea da sa\u00fade que deseja.<\/p>\n<p><img loading=\"lazy\" decoding=\"async\" class=\"alignnone size-full wp-image-13360\" src=\"https:\/\/jorgezanoni.com.br\/2019\/wp-content\/uploads\/2019\/12\/remedio1.jpg\" alt=\"\" width=\"742\" height=\"928\" srcset=\"https:\/\/jorgezanoni.com.br\/2019\/wp-content\/uploads\/2019\/12\/remedio1.jpg 742w, https:\/\/jorgezanoni.com.br\/2019\/wp-content\/uploads\/2019\/12\/remedio1-240x300.jpg 240w, https:\/\/jorgezanoni.com.br\/2019\/wp-content\/uploads\/2019\/12\/remedio1-696x870.jpg 696w, https:\/\/jorgezanoni.com.br\/2019\/wp-content\/uploads\/2019\/12\/remedio1-336x420.jpg 336w\" sizes=\"auto, (max-width: 742px) 100vw, 742px\" \/><\/p>\n<p style=\"text-align: justify;\">Fonte: Com. Social Pol\u00edcia Civil<\/p>\n","protected":false},"excerpt":{"rendered":"<p>A Pol\u00edcia Civil, por interm\u00e9dio da Delegacia de Pol\u00edcia de Panorama, nessa quinta-feira (5), cumpriu dois mandados de busca e apreens\u00e3o domiciliar contra pessoas investigadas por comercializarem produtos para emagrecimento, cuja a venda estaria em desacordo com regras da Anvisa (Ag\u00eancia Nacional de Vigil\u00e2ncia Sanit\u00e1ria), e que tamb\u00e9m poderiam causar danos \u00e0 sa\u00fade. A\u00e7\u00e3o resultou [&hellip;]<\/p>\n","protected":false},"author":1,"featured_media":13361,"comment_status":"closed","ping_status":"open","sticky":false,"template":"","format":"standard","meta":{"footnotes":""},"categories":[110,2],"tags":[],"class_list":["post-13358","post","type-post","status-publish","format-standard","has-post-thumbnail","hentry","category-noticiasdestaque","category-policial"],"_links":{"self":[{"href":"https:\/\/jorgezanoni.com.br\/2019\/wp-json\/wp\/v2\/posts\/13358","targetHints":{"allow":["GET"]}}],"collection":[{"href":"https:\/\/jorgezanoni.com.br\/2019\/wp-json\/wp\/v2\/posts"}],"about":[{"href":"https:\/\/jorgezanoni.com.br\/2019\/wp-json\/wp\/v2\/types\/post"}],"author":[{"embeddable":true,"href":"https:\/\/jorgezanoni.com.br\/2019\/wp-json\/wp\/v2\/users\/1"}],"replies":[{"embeddable":true,"href":"https:\/\/jorgezanoni.com.br\/2019\/wp-json\/wp\/v2\/comments?post=13358"}],"version-history":[{"count":0,"href":"https:\/\/jorgezanoni.com.br\/2019\/wp-json\/wp\/v2\/posts\/13358\/revisions"}],"wp:featuredmedia":[{"embeddable":true,"href":"https:\/\/jorgezanoni.com.br\/2019\/wp-json\/wp\/v2\/media\/13361"}],"wp:attachment":[{"href":"https:\/\/jorgezanoni.com.br\/2019\/wp-json\/wp\/v2\/media?parent=13358"}],"wp:term":[{"taxonomy":"category","embeddable":true,"href":"https:\/\/jorgezanoni.com.br\/2019\/wp-json\/wp\/v2\/categories?post=13358"},{"taxonomy":"post_tag","embeddable":true,"href":"https:\/\/jorgezanoni.com.br\/2019\/wp-json\/wp\/v2\/tags?post=13358"}],"curies":[{"name":"wp","href":"https:\/\/api.w.org\/{rel}","templated":true}]}}