{"id":13346,"date":"2019-12-07T20:02:00","date_gmt":"2019-12-07T20:02:00","guid":{"rendered":"https:\/\/jorgezanoni.com.br\/2019\/?p=13346"},"modified":"2019-12-07T20:02:00","modified_gmt":"2019-12-07T20:02:00","slug":"troca-das-lampadas-por-leds-nas-ruas-de-dracena-esta-suspensa-por-decisao-do-tce","status":"publish","type":"post","link":"https:\/\/jorgezanoni.com.br\/2019\/troca-das-lampadas-por-leds-nas-ruas-de-dracena-esta-suspensa-por-decisao-do-tce\/","title":{"rendered":"Troca das l\u00e2mpadas por leds nas ruas de Dracena est\u00e1 suspensa por decis\u00e3o do TCE"},"content":{"rendered":"<p style=\"text-align: justify;\">Na \u00faltima quarta-feira (04) Tribunal de Contas determinou que a Prefeitura de Dracena suspendesse a licita\u00e7\u00e3o aberta que previa a contrata\u00e7\u00e3o de empresa para implanta\u00e7\u00e3o de lumin\u00e1rias de led em diversas ruas e avenidas do mun\u00edcipio.<\/p>\n<p style=\"text-align: justify;\">A decis\u00e3o foi tomada ap\u00f3s Bruno Brandino encaminhar representa\u00e7\u00e3o ao TCE questionando pontos do edital que estariam em desacordo com a lei de licita\u00e7\u00f5es e jurisprud\u00eancias do pr\u00f3prio tribunal.<\/p>\n<p style=\"text-align: justify;\">A licita\u00e7\u00e3o que estava prevista para acontecer na proxima segunda-feira (09) \u00e9 decorrente do empr\u00e9stimo de 10 milh\u00f5es de reais que a Prefeitura de Dracena fez com a Caixa Econ\u00f4mica Federal para recapeamento de algumas ruas da cidade e troca de parte da ilumina\u00e7\u00e3o p\u00fablica.<\/p>\n<p style=\"text-align: justify;\">A Prefeitura deve aguardar an\u00e1lise apurada do TCE e posterior decis\u00e3o para dar prosseguimento na licita\u00e7\u00e3o.<\/p>\n<p style=\"text-align: justify;\">Para Brandino, os 07 pontos questionados podem levar a diminui\u00e7\u00e3o de empresas participantes, e consequentemente a contrata\u00e7\u00e3o custar mais cara aos cofres p\u00fablicos. Pontua tamb\u00e9m que a reda\u00e7\u00e3o de alguns pontos do edital s\u00e3o subjetivos, o que pode possibilitar margem de interpreta\u00e7\u00e3o gerando favorecimento \u00e0 empresas em detrimento de uma disputa id\u00f4nea entre os interessados.<\/p>\n<p style=\"text-align: justify;\">Em sua defesa ao TCE, enviada na sexta-feira (06), o prefeito de Dracena, Juliano Bertolini, pede que todos os pontos questionados por Bruno Brandino sejam julgados improcedentes conforme suas justificativas apresentadas. Ao TCE, Bertolini finaliza dizendo que Bruno Brandino \u201cmove-se por car\u00e1ter exclusivamente pessoal e pol\u00edtico, protelat\u00f3rio, diante das in\u00fameras Representa\u00e7\u00f5es realizadas contra esta Administra\u00e7\u00e3o P\u00fablica Municipal pelo representante, estas, julgadas em sua maioria, improcedente\u201d.<\/p>\n<p><a href=\"https:\/\/jornalinterativo.net\/2016\/wp-content\/uploads\/2019\/12\/06122019164602arquivo_027-2019-1_page-0001.jpg\"><img loading=\"lazy\" decoding=\"async\" class=\"alignnone size-full wp-image-31378 td-animation-stack-type0-2\" src=\"https:\/\/jornalinterativo.net\/2016\/wp-content\/uploads\/2019\/12\/06122019164602arquivo_027-2019-1_page-0001.jpg\" sizes=\"auto, (max-width: 1241px) 100vw, 1241px\" srcset=\"https:\/\/jornalinterativo.net\/2016\/wp-content\/uploads\/2019\/12\/06122019164602arquivo_027-2019-1_page-0001.jpg 1241w, https:\/\/jornalinterativo.net\/2016\/wp-content\/uploads\/2019\/12\/06122019164602arquivo_027-2019-1_page-0001-212x300.jpg 212w, https:\/\/jornalinterativo.net\/2016\/wp-content\/uploads\/2019\/12\/06122019164602arquivo_027-2019-1_page-0001-768x1086.jpg 768w, https:\/\/jornalinterativo.net\/2016\/wp-content\/uploads\/2019\/12\/06122019164602arquivo_027-2019-1_page-0001-724x1024.jpg 724w, https:\/\/jornalinterativo.net\/2016\/wp-content\/uploads\/2019\/12\/06122019164602arquivo_027-2019-1_page-0001-696x984.jpg 696w, https:\/\/jornalinterativo.net\/2016\/wp-content\/uploads\/2019\/12\/06122019164602arquivo_027-2019-1_page-0001-1068x1510.jpg 1068w, https:\/\/jornalinterativo.net\/2016\/wp-content\/uploads\/2019\/12\/06122019164602arquivo_027-2019-1_page-0001-297x420.jpg 297w\" alt=\"\" width=\"1241\" height=\"1755\" \/><\/a><\/p>\n<p>Por Reda\u00e7\u00e3o<\/p>\n<p>Foto de capa: imagens da internet<\/p>\n<p style=\"text-align: justify;\">Fonte: https:\/\/jornalinterativo.net\/2016\/troca-das-lampadas-por-leds-nas-ruas-de-dracena-esta-suspensa-por-decisao-do-tce\/<\/p>\n","protected":false},"excerpt":{"rendered":"<p>Na \u00faltima quarta-feira (04) Tribunal de Contas determinou que a Prefeitura de Dracena suspendesse a licita\u00e7\u00e3o aberta que previa a contrata\u00e7\u00e3o de empresa para implanta\u00e7\u00e3o de lumin\u00e1rias de led em diversas ruas e avenidas do mun\u00edcipio. A decis\u00e3o foi tomada ap\u00f3s Bruno Brandino encaminhar representa\u00e7\u00e3o ao TCE questionando pontos do edital que estariam em desacordo [&hellip;]<\/p>\n","protected":false},"author":1,"featured_media":13347,"comment_status":"closed","ping_status":"open","sticky":false,"template":"","format":"standard","meta":{"footnotes":""},"categories":[179,184],"tags":[],"class_list":["post-13346","post","type-post","status-publish","format-standard","has-post-thumbnail","hentry","category-cidadeseregiao","category-dracena"],"_links":{"self":[{"href":"https:\/\/jorgezanoni.com.br\/2019\/wp-json\/wp\/v2\/posts\/13346","targetHints":{"allow":["GET"]}}],"collection":[{"href":"https:\/\/jorgezanoni.com.br\/2019\/wp-json\/wp\/v2\/posts"}],"about":[{"href":"https:\/\/jorgezanoni.com.br\/2019\/wp-json\/wp\/v2\/types\/post"}],"author":[{"embeddable":true,"href":"https:\/\/jorgezanoni.com.br\/2019\/wp-json\/wp\/v2\/users\/1"}],"replies":[{"embeddable":true,"href":"https:\/\/jorgezanoni.com.br\/2019\/wp-json\/wp\/v2\/comments?post=13346"}],"version-history":[{"count":0,"href":"https:\/\/jorgezanoni.com.br\/2019\/wp-json\/wp\/v2\/posts\/13346\/revisions"}],"wp:featuredmedia":[{"embeddable":true,"href":"https:\/\/jorgezanoni.com.br\/2019\/wp-json\/wp\/v2\/media\/13347"}],"wp:attachment":[{"href":"https:\/\/jorgezanoni.com.br\/2019\/wp-json\/wp\/v2\/media?parent=13346"}],"wp:term":[{"taxonomy":"category","embeddable":true,"href":"https:\/\/jorgezanoni.com.br\/2019\/wp-json\/wp\/v2\/categories?post=13346"},{"taxonomy":"post_tag","embeddable":true,"href":"https:\/\/jorgezanoni.com.br\/2019\/wp-json\/wp\/v2\/tags?post=13346"}],"curies":[{"name":"wp","href":"https:\/\/api.w.org\/{rel}","templated":true}]}}