{"id":13293,"date":"2019-12-06T22:44:16","date_gmt":"2019-12-06T22:44:16","guid":{"rendered":"https:\/\/jorgezanoni.com.br\/2019\/?p=13293"},"modified":"2019-12-06T22:44:16","modified_gmt":"2019-12-06T22:44:16","slug":"solenidade-de-1a-uso-de-uniforme-da-escola-superior-de-soldados-de-junqueiropolis","status":"publish","type":"post","link":"https:\/\/jorgezanoni.com.br\/2019\/solenidade-de-1a-uso-de-uniforme-da-escola-superior-de-soldados-de-junqueiropolis\/","title":{"rendered":"Solenidade de 1\u00aa uso de uniforme da Escola Superior de Soldados de Junqueir\u00f3polis"},"content":{"rendered":"<h1 class=\"title entry-title\" style=\"text-align: justify;\"><strong><a href=\"https:\/\/25bpmi.blogspot.com\/2019\/12\/solenidade-de-1-uso-de-uniforme-e.html\" rel=\"bookmark\" data-item-type=\"post\" data-id=\"2068692783027749547\">SOLENIDADE DE \u201c1\u00ba USO DE UNIFORME E PASSAGEM DO 1\u00ba CICLO DE ENSINO PARA O 2\u00ba CICLO DE ENSINO\u201d DOS NOVOS ALUNOS SOLDADOS 2\u00aa CLASSE DA ESCOLA SUPERIOR DE SOLDADOS DE JUNQUEIR\u00d3POLIS\/SP.<\/a><\/strong><\/h1>\n<p><img loading=\"lazy\" decoding=\"async\" class=\"alignnone size-full wp-image-13295\" src=\"https:\/\/jorgezanoni.com.br\/2019\/wp-content\/uploads\/2019\/12\/soldo1.jpg\" alt=\"\" width=\"1032\" height=\"774\" srcset=\"https:\/\/jorgezanoni.com.br\/2019\/wp-content\/uploads\/2019\/12\/soldo1.jpg 1032w, https:\/\/jorgezanoni.com.br\/2019\/wp-content\/uploads\/2019\/12\/soldo1-300x225.jpg 300w, https:\/\/jorgezanoni.com.br\/2019\/wp-content\/uploads\/2019\/12\/soldo1-768x576.jpg 768w, https:\/\/jorgezanoni.com.br\/2019\/wp-content\/uploads\/2019\/12\/soldo1-1024x768.jpg 1024w, https:\/\/jorgezanoni.com.br\/2019\/wp-content\/uploads\/2019\/12\/soldo1-80x60.jpg 80w, https:\/\/jorgezanoni.com.br\/2019\/wp-content\/uploads\/2019\/12\/soldo1-265x198.jpg 265w, https:\/\/jorgezanoni.com.br\/2019\/wp-content\/uploads\/2019\/12\/soldo1-696x522.jpg 696w, https:\/\/jorgezanoni.com.br\/2019\/wp-content\/uploads\/2019\/12\/soldo1-560x420.jpg 560w\" sizes=\"auto, (max-width: 1032px) 100vw, 1032px\" \/> <img loading=\"lazy\" decoding=\"async\" class=\"alignnone size-full wp-image-13296\" src=\"https:\/\/jorgezanoni.com.br\/2019\/wp-content\/uploads\/2019\/12\/soldo2.jpg\" alt=\"\" width=\"774\" height=\"1032\" srcset=\"https:\/\/jorgezanoni.com.br\/2019\/wp-content\/uploads\/2019\/12\/soldo2.jpg 774w, https:\/\/jorgezanoni.com.br\/2019\/wp-content\/uploads\/2019\/12\/soldo2-225x300.jpg 225w, https:\/\/jorgezanoni.com.br\/2019\/wp-content\/uploads\/2019\/12\/soldo2-768x1024.jpg 768w, https:\/\/jorgezanoni.com.br\/2019\/wp-content\/uploads\/2019\/12\/soldo2-696x928.jpg 696w, https:\/\/jorgezanoni.com.br\/2019\/wp-content\/uploads\/2019\/12\/soldo2-315x420.jpg 315w\" sizes=\"auto, (max-width: 774px) 100vw, 774px\" \/> <img loading=\"lazy\" decoding=\"async\" class=\"alignnone size-full wp-image-13297\" src=\"https:\/\/jorgezanoni.com.br\/2019\/wp-content\/uploads\/2019\/12\/soldo3.jpg\" alt=\"\" width=\"774\" height=\"1032\" srcset=\"https:\/\/jorgezanoni.com.br\/2019\/wp-content\/uploads\/2019\/12\/soldo3.jpg 774w, https:\/\/jorgezanoni.com.br\/2019\/wp-content\/uploads\/2019\/12\/soldo3-225x300.jpg 225w, https:\/\/jorgezanoni.com.br\/2019\/wp-content\/uploads\/2019\/12\/soldo3-768x1024.jpg 768w, https:\/\/jorgezanoni.com.br\/2019\/wp-content\/uploads\/2019\/12\/soldo3-696x928.jpg 696w, https:\/\/jorgezanoni.com.br\/2019\/wp-content\/uploads\/2019\/12\/soldo3-315x420.jpg 315w\" sizes=\"auto, (max-width: 774px) 100vw, 774px\" \/> <img loading=\"lazy\" decoding=\"async\" class=\"alignnone size-full wp-image-13298\" src=\"https:\/\/jorgezanoni.com.br\/2019\/wp-content\/uploads\/2019\/12\/soldo4.jpg\" alt=\"\" width=\"1032\" height=\"774\" srcset=\"https:\/\/jorgezanoni.com.br\/2019\/wp-content\/uploads\/2019\/12\/soldo4.jpg 1032w, https:\/\/jorgezanoni.com.br\/2019\/wp-content\/uploads\/2019\/12\/soldo4-300x225.jpg 300w, https:\/\/jorgezanoni.com.br\/2019\/wp-content\/uploads\/2019\/12\/soldo4-768x576.jpg 768w, https:\/\/jorgezanoni.com.br\/2019\/wp-content\/uploads\/2019\/12\/soldo4-1024x768.jpg 1024w, https:\/\/jorgezanoni.com.br\/2019\/wp-content\/uploads\/2019\/12\/soldo4-80x60.jpg 80w, https:\/\/jorgezanoni.com.br\/2019\/wp-content\/uploads\/2019\/12\/soldo4-265x198.jpg 265w, https:\/\/jorgezanoni.com.br\/2019\/wp-content\/uploads\/2019\/12\/soldo4-696x522.jpg 696w, https:\/\/jorgezanoni.com.br\/2019\/wp-content\/uploads\/2019\/12\/soldo4-560x420.jpg 560w\" sizes=\"auto, (max-width: 1032px) 100vw, 1032px\" \/><\/p>\n<p style=\"font-weight: 400; text-align: justify;\">Foi realizada na manh\u00e3 o dia 06\/12 a solenidade de 1\u00ba Uso de Uniforme e Passagem do 1\u00ba Ciclo de Ensino para o 2\u00ba Ciclo de Ensino dos 96 (noventa e seis) soldados 2\u00aa Classe da Pol\u00edcia Militar, na Escola Superior de Soldados em Junqueir\u00f3polis.<\/p>\n<p style=\"font-weight: 400; text-align: justify;\">A cerim\u00f4nia, contou com a presen\u00e7a de autoridades e familiares e foi destinada a sagrar o Primeiro Uso do Uniforme da Pol\u00edcia Militar pelos soldados 2\u00aa Classe, que a partir de agora ir\u00e3o para o 2\u00ba Ciclo com mat\u00e9rias espec\u00edficas e est\u00e1gios operacionais.<\/p>\n<p style=\"font-weight: 400; text-align: justify;\">Os tr\u00eas pelot\u00f5es de alunos soldados foram comandados pelos Oficiais, 1\u00ba\u00a0<strong><u>Tenente PM Paulo Ivo, 1\u00ba Ten PM Matheus e 1\u00ba Ten PM Rodrigo Afonso,<\/u><\/strong>\u00a0formando um dispositivo de policiais militares comandados pelo\u00a0<strong><u>Cap PM Ederson Jos\u00e9 da Silva<\/u><\/strong>.<\/p>\n<p style=\"font-weight: 400; text-align: justify;\">\u00c9 neste ato solene que os policiais militares al\u00e9m de consagrarem o \u00eaxito do t\u00e9rmino de um m\u00f3dulo, chamado de 1\u00ba Ciclo de Ensino, firmam o dever de zelar pelo cumprimento da lei e do bem servir a comunidade, de forma a cada vez mais enaltecer a institui\u00e7\u00e3o Pol\u00edcia Militar do Estado de S\u00e3o Paulo, mantendo o legado transferido por seus her\u00f3is, que deixaram rastros e ra\u00edzes no solo bandeirante, feito em juramento solene.<\/p>\n<p style=\"font-weight: 400; text-align: justify;\">O primeiro classificado neste m\u00f3dulo do Curso de Forma\u00e7\u00e3o de Soldados na cidade de Junqueir\u00f3polis foi o\u00a0<strong><u>Sd 2\u00aa Classe PM Juliana Reis Novaes da Silva com a nota 9,33,<\/u><\/strong>\u00a0que proferiu a leitura do significado do uniforme da Pol\u00edcia Militar contido no regulamento de uniformes da Institui\u00e7\u00e3o.<\/p>\n<p style=\"font-weight: 400; text-align: justify;\">\u00a0\u00a0\u00a0\u00a0\u00a0\u00a0\u00a0\u00a0\u00a0A solenidade teve momentos de grande emo\u00e7\u00e3o, um deles foi durante a entrega de identifica\u00e7\u00e3o do nome policial que foram colocadas pelos familiares em seu uniforme com a Can\u00e7\u00e3o \u201cConquistando o Imposs\u00edvel\u201d, interpretado pela Sr\u00aa M\u00e1rcia Cristina e tamb\u00e9m o desfile de encerramento, momento que os soldados 2\u00aa Classe pela primeira vez se apresentam a todos, ponto marcante do civismo militar.<\/p>\n<p style=\"font-weight: 400; text-align: justify;\">\u00a0\u00a0\u00a0\u00a0\u00a0\u00a0\u00a0\u00a0\u00a0A solenidade foi marcada pela presen\u00e7a de autoridades civis e militares abrilhantando ainda mais o evento, al\u00e9m da presen\u00e7a de amigos, familiares e a imprensa.<\/p>\n<p style=\"font-weight: 400; text-align: justify;\">#25BPMI<\/p>\n<p style=\"font-weight: 400; text-align: justify;\">#POLICIAMILITARSP<\/p>\n<p style=\"font-weight: 400; text-align: justify;\">#AFOR\u00c7AP\u00daBLICADES\u00c3OPAULO<\/p>\n<p style=\"font-weight: 400; text-align: justify;\">Fonte: COMUNICA\u00c7\u00c3O SOCIAL DO 25\u00ba BPM\/I &#8211; Dracena e regi\u00e3o.<\/p>\n","protected":false},"excerpt":{"rendered":"<p>SOLENIDADE DE \u201c1\u00ba USO DE UNIFORME E PASSAGEM DO 1\u00ba CICLO DE ENSINO PARA O 2\u00ba CICLO DE ENSINO\u201d DOS NOVOS ALUNOS SOLDADOS 2\u00aa CLASSE DA ESCOLA SUPERIOR DE SOLDADOS DE JUNQUEIR\u00d3POLIS\/SP. Foi realizada na manh\u00e3 o dia 06\/12 a solenidade de 1\u00ba Uso de Uniforme e Passagem do 1\u00ba Ciclo de Ensino para o [&hellip;]<\/p>\n","protected":false},"author":1,"featured_media":13294,"comment_status":"closed","ping_status":"open","sticky":false,"template":"","format":"standard","meta":{"footnotes":""},"categories":[110,2],"tags":[],"class_list":["post-13293","post","type-post","status-publish","format-standard","has-post-thumbnail","hentry","category-noticiasdestaque","category-policial"],"_links":{"self":[{"href":"https:\/\/jorgezanoni.com.br\/2019\/wp-json\/wp\/v2\/posts\/13293","targetHints":{"allow":["GET"]}}],"collection":[{"href":"https:\/\/jorgezanoni.com.br\/2019\/wp-json\/wp\/v2\/posts"}],"about":[{"href":"https:\/\/jorgezanoni.com.br\/2019\/wp-json\/wp\/v2\/types\/post"}],"author":[{"embeddable":true,"href":"https:\/\/jorgezanoni.com.br\/2019\/wp-json\/wp\/v2\/users\/1"}],"replies":[{"embeddable":true,"href":"https:\/\/jorgezanoni.com.br\/2019\/wp-json\/wp\/v2\/comments?post=13293"}],"version-history":[{"count":0,"href":"https:\/\/jorgezanoni.com.br\/2019\/wp-json\/wp\/v2\/posts\/13293\/revisions"}],"wp:featuredmedia":[{"embeddable":true,"href":"https:\/\/jorgezanoni.com.br\/2019\/wp-json\/wp\/v2\/media\/13294"}],"wp:attachment":[{"href":"https:\/\/jorgezanoni.com.br\/2019\/wp-json\/wp\/v2\/media?parent=13293"}],"wp:term":[{"taxonomy":"category","embeddable":true,"href":"https:\/\/jorgezanoni.com.br\/2019\/wp-json\/wp\/v2\/categories?post=13293"},{"taxonomy":"post_tag","embeddable":true,"href":"https:\/\/jorgezanoni.com.br\/2019\/wp-json\/wp\/v2\/tags?post=13293"}],"curies":[{"name":"wp","href":"https:\/\/api.w.org\/{rel}","templated":true}]}}