{"id":13284,"date":"2019-12-06T22:15:54","date_gmt":"2019-12-06T22:15:54","guid":{"rendered":"https:\/\/jorgezanoni.com.br\/2019\/?p=13284"},"modified":"2019-12-06T22:37:12","modified_gmt":"2019-12-06T22:37:12","slug":"falecimentos-06-12-19","status":"publish","type":"post","link":"https:\/\/jorgezanoni.com.br\/2019\/falecimentos-06-12-19\/","title":{"rendered":"Falecimentos 06\/12\/19"},"content":{"rendered":"<p>El\u00e1dio C\u00e2ndido da Silva, Edgard Rodrigues Bueno, Adilce Tozeli Visnadi Costa, Jos\u00e9 Asmiro de Godoy e Jo\u00e3o Mioto.<\/p>\n<p><img loading=\"lazy\" decoding=\"async\" class=\"alignnone size-full wp-image-13285\" src=\"https:\/\/jorgezanoni.com.br\/2019\/wp-content\/uploads\/2019\/12\/Adilce-Tozeli-Visnadi-Costa.jpg\" alt=\"\" width=\"815\" height=\"450\" srcset=\"https:\/\/jorgezanoni.com.br\/2019\/wp-content\/uploads\/2019\/12\/Adilce-Tozeli-Visnadi-Costa.jpg 815w, https:\/\/jorgezanoni.com.br\/2019\/wp-content\/uploads\/2019\/12\/Adilce-Tozeli-Visnadi-Costa-300x166.jpg 300w, https:\/\/jorgezanoni.com.br\/2019\/wp-content\/uploads\/2019\/12\/Adilce-Tozeli-Visnadi-Costa-768x424.jpg 768w, https:\/\/jorgezanoni.com.br\/2019\/wp-content\/uploads\/2019\/12\/Adilce-Tozeli-Visnadi-Costa-696x385.jpg 696w, https:\/\/jorgezanoni.com.br\/2019\/wp-content\/uploads\/2019\/12\/Adilce-Tozeli-Visnadi-Costa-761x420.jpg 761w\" sizes=\"auto, (max-width: 815px) 100vw, 815px\" \/><\/p>\n<p><img loading=\"lazy\" decoding=\"async\" class=\"alignnone size-full wp-image-13286\" src=\"https:\/\/jorgezanoni.com.br\/2019\/wp-content\/uploads\/2019\/12\/Edgard-Rodrigues-Bueno.jpg\" alt=\"\" width=\"815\" height=\"450\" srcset=\"https:\/\/jorgezanoni.com.br\/2019\/wp-content\/uploads\/2019\/12\/Edgard-Rodrigues-Bueno.jpg 815w, https:\/\/jorgezanoni.com.br\/2019\/wp-content\/uploads\/2019\/12\/Edgard-Rodrigues-Bueno-300x166.jpg 300w, https:\/\/jorgezanoni.com.br\/2019\/wp-content\/uploads\/2019\/12\/Edgard-Rodrigues-Bueno-768x424.jpg 768w, https:\/\/jorgezanoni.com.br\/2019\/wp-content\/uploads\/2019\/12\/Edgard-Rodrigues-Bueno-696x385.jpg 696w, https:\/\/jorgezanoni.com.br\/2019\/wp-content\/uploads\/2019\/12\/Edgard-Rodrigues-Bueno-761x420.jpg 761w\" sizes=\"auto, (max-width: 815px) 100vw, 815px\" \/> <img loading=\"lazy\" decoding=\"async\" class=\"alignnone size-full wp-image-13287\" src=\"https:\/\/jorgezanoni.com.br\/2019\/wp-content\/uploads\/2019\/12\/El\u00e1dio-C\u00e3ndido-da-Silva.jpg\" alt=\"\" width=\"815\" height=\"450\" srcset=\"https:\/\/jorgezanoni.com.br\/2019\/wp-content\/uploads\/2019\/12\/El\u00e1dio-C\u00e3ndido-da-Silva.jpg 815w, https:\/\/jorgezanoni.com.br\/2019\/wp-content\/uploads\/2019\/12\/El\u00e1dio-C\u00e3ndido-da-Silva-300x166.jpg 300w, https:\/\/jorgezanoni.com.br\/2019\/wp-content\/uploads\/2019\/12\/El\u00e1dio-C\u00e3ndido-da-Silva-768x424.jpg 768w, https:\/\/jorgezanoni.com.br\/2019\/wp-content\/uploads\/2019\/12\/El\u00e1dio-C\u00e3ndido-da-Silva-696x385.jpg 696w, https:\/\/jorgezanoni.com.br\/2019\/wp-content\/uploads\/2019\/12\/El\u00e1dio-C\u00e3ndido-da-Silva-761x420.jpg 761w\" sizes=\"auto, (max-width: 815px) 100vw, 815px\" \/><img loading=\"lazy\" decoding=\"async\" class=\"alignnone size-full wp-image-13290\" src=\"https:\/\/jorgezanoni.com.br\/2019\/wp-content\/uploads\/2019\/12\/Jos\u00e9-Asmiro-de-Godoy.jpg\" alt=\"\" width=\"1280\" height=\"640\" srcset=\"https:\/\/jorgezanoni.com.br\/2019\/wp-content\/uploads\/2019\/12\/Jos\u00e9-Asmiro-de-Godoy.jpg 1280w, https:\/\/jorgezanoni.com.br\/2019\/wp-content\/uploads\/2019\/12\/Jos\u00e9-Asmiro-de-Godoy-300x150.jpg 300w, https:\/\/jorgezanoni.com.br\/2019\/wp-content\/uploads\/2019\/12\/Jos\u00e9-Asmiro-de-Godoy-768x384.jpg 768w, https:\/\/jorgezanoni.com.br\/2019\/wp-content\/uploads\/2019\/12\/Jos\u00e9-Asmiro-de-Godoy-1024x512.jpg 1024w, https:\/\/jorgezanoni.com.br\/2019\/wp-content\/uploads\/2019\/12\/Jos\u00e9-Asmiro-de-Godoy-696x348.jpg 696w, https:\/\/jorgezanoni.com.br\/2019\/wp-content\/uploads\/2019\/12\/Jos\u00e9-Asmiro-de-Godoy-1068x534.jpg 1068w, https:\/\/jorgezanoni.com.br\/2019\/wp-content\/uploads\/2019\/12\/Jos\u00e9-Asmiro-de-Godoy-840x420.jpg 840w\" sizes=\"auto, (max-width: 1280px) 100vw, 1280px\" \/><\/p>\n","protected":false},"excerpt":{"rendered":"<p>El\u00e1dio C\u00e2ndido da Silva, Edgard Rodrigues Bueno, Adilce Tozeli Visnadi Costa, Jos\u00e9 Asmiro de Godoy e Jo\u00e3o Mioto.<\/p>\n","protected":false},"author":1,"featured_media":13288,"comment_status":"closed","ping_status":"open","sticky":false,"template":"","format":"standard","meta":{"footnotes":""},"categories":[178],"tags":[],"class_list":["post-13284","post","type-post","status-publish","format-standard","has-post-thumbnail","hentry","category-notadefalecimento"],"_links":{"self":[{"href":"https:\/\/jorgezanoni.com.br\/2019\/wp-json\/wp\/v2\/posts\/13284","targetHints":{"allow":["GET"]}}],"collection":[{"href":"https:\/\/jorgezanoni.com.br\/2019\/wp-json\/wp\/v2\/posts"}],"about":[{"href":"https:\/\/jorgezanoni.com.br\/2019\/wp-json\/wp\/v2\/types\/post"}],"author":[{"embeddable":true,"href":"https:\/\/jorgezanoni.com.br\/2019\/wp-json\/wp\/v2\/users\/1"}],"replies":[{"embeddable":true,"href":"https:\/\/jorgezanoni.com.br\/2019\/wp-json\/wp\/v2\/comments?post=13284"}],"version-history":[{"count":0,"href":"https:\/\/jorgezanoni.com.br\/2019\/wp-json\/wp\/v2\/posts\/13284\/revisions"}],"wp:featuredmedia":[{"embeddable":true,"href":"https:\/\/jorgezanoni.com.br\/2019\/wp-json\/wp\/v2\/media\/13288"}],"wp:attachment":[{"href":"https:\/\/jorgezanoni.com.br\/2019\/wp-json\/wp\/v2\/media?parent=13284"}],"wp:term":[{"taxonomy":"category","embeddable":true,"href":"https:\/\/jorgezanoni.com.br\/2019\/wp-json\/wp\/v2\/categories?post=13284"},{"taxonomy":"post_tag","embeddable":true,"href":"https:\/\/jorgezanoni.com.br\/2019\/wp-json\/wp\/v2\/tags?post=13284"}],"curies":[{"name":"wp","href":"https:\/\/api.w.org\/{rel}","templated":true}]}}