{"id":13276,"date":"2019-12-06T17:04:34","date_gmt":"2019-12-06T17:04:34","guid":{"rendered":"https:\/\/jorgezanoni.com.br\/2019\/?p=13276"},"modified":"2019-12-06T17:04:34","modified_gmt":"2019-12-06T17:04:34","slug":"presos-se-preparam-para-o-enem-ppl-na-proxima-semana","status":"publish","type":"post","link":"https:\/\/jorgezanoni.com.br\/2019\/presos-se-preparam-para-o-enem-ppl-na-proxima-semana\/","title":{"rendered":"Presos se preparam para o Enem PPL na pr\u00f3xima semana"},"content":{"rendered":"<div><strong><span style=\"color: #0000ff;\">No Oeste do Estado, 3.108 reeducandos se inscreveram no exame, representando um aumento de quase 28% de inscritos em dois anos.<\/span><\/strong><\/div>\n<p style=\"text-align: justify;\">\nO m\u00eas de dezembro marca a possibilidade de uma virada por meio da educa\u00e7\u00e3o de pessoas presas: nos dias 10 e 11, dentre homens e mulheres, 15.331 reclusos de 156 unidades prisionais da Secretaria da Administra\u00e7\u00e3o Penitenci\u00e1ria (SAP) do Estado de S\u00e3o Paulo far\u00e3o o Exame Nacional do Ensino M\u00e9dio para Pessoas Privadas de Liberdade (Enem PPL).<\/p>\n<p>Nos pres\u00eddios subordinados a Coordenadoria de Unidades Prisionais da Regi\u00e3o Oeste (Croeste) participar\u00e3o 3.108 privados de liberdade em 36 estabelecimentos, o que representa um aumento de quase 28% de inscri\u00e7\u00f5es desde 2017, quando naquele ano houve 2.435 inscritos para o exame. A participa\u00e7\u00e3o no exame possibilita diversos benef\u00edcios, conforme preceitua a Portaria 468 de 03\/04\/2017 do Minist\u00e9rio da Educa\u00e7\u00e3o.<\/p>\n<p>A prova \u00e9 realizada pelo Instituto Nacional de Estudos e Pesquisas Educacionais An\u00edsio Teixeira (Inep) e ter\u00e1 o mesmo conte\u00fado do exame feito para as pessoas que est\u00e3o em liberdade, ocorrida em novembro \u00faltimo. Para a prepara\u00e7\u00e3o deste ano, a maioria dos estabelecimentos prisionais realiza aulas preparat\u00f3rias coordenadas por monitores da Funda\u00e7\u00e3o &#8220;Prof. Dr. Manoel Pedro Pimentel&#8221; (Funap) e por professores das escolas p\u00fablicas da Secretaria de Estado da Educa\u00e7\u00e3o, que desde 2013 ministram aulas no sistema prisional paulista.<b><br \/>\n<\/b><br \/>\nAtenciosamente,<\/p>\n<p><img loading=\"lazy\" decoding=\"async\" src=\"https:\/\/jorgezanoni.com.br:2096\/cpsess6302618087\/3rdparty\/roundcube\/?_task=mail&amp;_action=get&amp;_mbox=INBOX&amp;_uid=12592&amp;_token=7w9oQxDIWy3i6UAwtvBfo1wSvlxGgpqT&amp;_part=1.2&amp;_embed=1&amp;_mimeclass=image\" width=\"400\" height=\"126\" \/><br \/>\n<b>Imprensa CROESTE- Secretaria da Administra\u00e7\u00e3o Penitenci\u00e1ria<\/b><\/p>\n","protected":false},"excerpt":{"rendered":"<p>No Oeste do Estado, 3.108 reeducandos se inscreveram no exame, representando um aumento de quase 28% de inscritos em dois anos. O m\u00eas de dezembro marca a possibilidade de uma virada por meio da educa\u00e7\u00e3o de pessoas presas: nos dias 10 e 11, dentre homens e mulheres, 15.331 reclusos de 156 unidades prisionais da Secretaria [&hellip;]<\/p>\n","protected":false},"author":1,"featured_media":13277,"comment_status":"closed","ping_status":"open","sticky":false,"template":"","format":"standard","meta":{"footnotes":""},"categories":[2],"tags":[],"class_list":["post-13276","post","type-post","status-publish","format-standard","has-post-thumbnail","hentry","category-policial"],"_links":{"self":[{"href":"https:\/\/jorgezanoni.com.br\/2019\/wp-json\/wp\/v2\/posts\/13276","targetHints":{"allow":["GET"]}}],"collection":[{"href":"https:\/\/jorgezanoni.com.br\/2019\/wp-json\/wp\/v2\/posts"}],"about":[{"href":"https:\/\/jorgezanoni.com.br\/2019\/wp-json\/wp\/v2\/types\/post"}],"author":[{"embeddable":true,"href":"https:\/\/jorgezanoni.com.br\/2019\/wp-json\/wp\/v2\/users\/1"}],"replies":[{"embeddable":true,"href":"https:\/\/jorgezanoni.com.br\/2019\/wp-json\/wp\/v2\/comments?post=13276"}],"version-history":[{"count":0,"href":"https:\/\/jorgezanoni.com.br\/2019\/wp-json\/wp\/v2\/posts\/13276\/revisions"}],"wp:featuredmedia":[{"embeddable":true,"href":"https:\/\/jorgezanoni.com.br\/2019\/wp-json\/wp\/v2\/media\/13277"}],"wp:attachment":[{"href":"https:\/\/jorgezanoni.com.br\/2019\/wp-json\/wp\/v2\/media?parent=13276"}],"wp:term":[{"taxonomy":"category","embeddable":true,"href":"https:\/\/jorgezanoni.com.br\/2019\/wp-json\/wp\/v2\/categories?post=13276"},{"taxonomy":"post_tag","embeddable":true,"href":"https:\/\/jorgezanoni.com.br\/2019\/wp-json\/wp\/v2\/tags?post=13276"}],"curies":[{"name":"wp","href":"https:\/\/api.w.org\/{rel}","templated":true}]}}