{"id":13272,"date":"2019-12-06T16:53:37","date_gmt":"2019-12-06T16:53:37","guid":{"rendered":"https:\/\/jorgezanoni.com.br\/2019\/?p=13272"},"modified":"2019-12-06T16:53:37","modified_gmt":"2019-12-06T16:53:37","slug":"unati-realiza-solenidade-de-formatura-de-sua-12a-turma","status":"publish","type":"post","link":"https:\/\/jorgezanoni.com.br\/2019\/unati-realiza-solenidade-de-formatura-de-sua-12a-turma\/","title":{"rendered":"UNATI realiza solenidade de formatura de sua 12\u00aa turma"},"content":{"rendered":"<p style=\"font-weight: 400; text-align: justify;\">Foi realizada, na noite de\u00a04 de dezembro,\u00a0no Audit\u00f3rio &#8220;Prof. Geraldo Mariano Alves&#8221; da Fundec, a cerim\u00f4nia de formatura da 12\u00aa turma da UNATI (Universidade Aberta \u00e0 Terceira Idade), fruto de uma parceria entre a\u00a0Unesp Dracena, Prefeitura Municipal e a Unifadra\/Fundec. A turma recebeu o nome do Prof. Dr. Paulo Alexandre Monteiro Figueiredo, docente da Unesp.<\/p>\n<p style=\"font-weight: 400; text-align: justify;\">Os alunos encerraram o curso depois de um ano de atividades divididas em diversos m\u00f3dulos de ensino. Na mesa de honra, estavam o diretor acad\u00eamico da Unifadra Prof. Dr. Enio Garbelini, que presidiu a solenidade; o Prof. Dr. F\u00e1bio Erm\u00ednio Mingatto, diretor executivo do Campus da Unesp de Dracena; a coordenadora da UNATI do n\u00facleo Unesp Profa. Dra. Maria Gabriela Fontanetti Rodrigues; a coordenadora da UNATI do n\u00facleo Unifadra Profa. Ma. Daniela Mac\u00e1rio Cust\u00f3dio; o presidente da C\u00e2mara Municipal de Dracena Milton Polon e a representante da Prefeitura Municipal, a secret\u00e1ria de Assuntos Jur\u00eddicos Alessandra Scarpini.<\/p>\n<p style=\"font-weight: 400; text-align: justify;\">O discurso de despedida dos colegas foi conduzido pela aluna Ilda Balbino de Amorim Braga, que relatou tamb\u00e9m suas experi\u00eancias com a Unati. O ato de compromisso dos formandos foi feito por Valentina Aparecida Pinto. Os formandos ainda homenagearam os docentes da Unifadra, representados pela Profa. Esp. Aline Siqueira; da Unesp,\u00a0representados pelo Prof. Dr. Ricardo Velludo Gomes de Soutello, e as monitoras do programa Cristiane Cardozo da Silva e D\u00e9bora Matias de Souza.<\/p>\n<p style=\"font-weight: 400; text-align: justify;\">Informamos que as inscri\u00e7\u00f5es para a 13\u00aa turma da Unati j\u00e1 est\u00e3o abertas e podem ser feitas na recep\u00e7\u00e3o da Unifadra. Para participar, \u00e9 preciso ter 60 anos ou mais, independentemente do grau de escolaridade, e ter disponibilidade para frequentar as aulas duas tardes na semana. O curso \u00e9 gratuito.<\/p>\n<p style=\"font-weight: 400; text-align: justify;\"><strong>Carolina Colnago<\/strong><\/p>\n<p style=\"font-weight: 400; text-align: justify;\">Assessora de Comunica\u00e7\u00e3o da Fundec &#8211; Jornalista<\/p>\n","protected":false},"excerpt":{"rendered":"<p>Foi realizada, na noite de\u00a04 de dezembro,\u00a0no Audit\u00f3rio &#8220;Prof. Geraldo Mariano Alves&#8221; da Fundec, a cerim\u00f4nia de formatura da 12\u00aa turma da UNATI (Universidade Aberta \u00e0 Terceira Idade), fruto de uma parceria entre a\u00a0Unesp Dracena, Prefeitura Municipal e a Unifadra\/Fundec. A turma recebeu o nome do Prof. Dr. Paulo Alexandre Monteiro Figueiredo, docente da Unesp. [&hellip;]<\/p>\n","protected":false},"author":1,"featured_media":13274,"comment_status":"closed","ping_status":"open","sticky":false,"template":"","format":"standard","meta":{"footnotes":""},"categories":[122],"tags":[],"class_list":["post-13272","post","type-post","status-publish","format-standard","has-post-thumbnail","hentry","category-saudeeducacaoeconcurso"],"_links":{"self":[{"href":"https:\/\/jorgezanoni.com.br\/2019\/wp-json\/wp\/v2\/posts\/13272","targetHints":{"allow":["GET"]}}],"collection":[{"href":"https:\/\/jorgezanoni.com.br\/2019\/wp-json\/wp\/v2\/posts"}],"about":[{"href":"https:\/\/jorgezanoni.com.br\/2019\/wp-json\/wp\/v2\/types\/post"}],"author":[{"embeddable":true,"href":"https:\/\/jorgezanoni.com.br\/2019\/wp-json\/wp\/v2\/users\/1"}],"replies":[{"embeddable":true,"href":"https:\/\/jorgezanoni.com.br\/2019\/wp-json\/wp\/v2\/comments?post=13272"}],"version-history":[{"count":0,"href":"https:\/\/jorgezanoni.com.br\/2019\/wp-json\/wp\/v2\/posts\/13272\/revisions"}],"wp:featuredmedia":[{"embeddable":true,"href":"https:\/\/jorgezanoni.com.br\/2019\/wp-json\/wp\/v2\/media\/13274"}],"wp:attachment":[{"href":"https:\/\/jorgezanoni.com.br\/2019\/wp-json\/wp\/v2\/media?parent=13272"}],"wp:term":[{"taxonomy":"category","embeddable":true,"href":"https:\/\/jorgezanoni.com.br\/2019\/wp-json\/wp\/v2\/categories?post=13272"},{"taxonomy":"post_tag","embeddable":true,"href":"https:\/\/jorgezanoni.com.br\/2019\/wp-json\/wp\/v2\/tags?post=13272"}],"curies":[{"name":"wp","href":"https:\/\/api.w.org\/{rel}","templated":true}]}}