{"id":13263,"date":"2019-12-06T16:35:26","date_gmt":"2019-12-06T16:35:26","guid":{"rendered":"https:\/\/jorgezanoni.com.br\/2019\/?p=13263"},"modified":"2019-12-06T16:35:26","modified_gmt":"2019-12-06T16:35:26","slug":"anglo-cid-dracena-forma-mais-uma-turma-do-proerd","status":"publish","type":"post","link":"https:\/\/jorgezanoni.com.br\/2019\/anglo-cid-dracena-forma-mais-uma-turma-do-proerd\/","title":{"rendered":"Anglo-CID Dracena forma mais uma turma do PROERD"},"content":{"rendered":"<p style=\"font-weight: 400; text-align: justify;\">Os alunos do 5\u00ba ano do ensino fundamental do Col\u00e9gio Anglo-CID receberam, na noite do dia 2 de dezembro, os certificados de conclus\u00e3o do Programa de Resist\u00eancia \u00e0s Drogas e \u00e0 Viol\u00eancia (Proerd), no Audit\u00f3rio &#8220;Prof. Geraldo Mariano Alves&#8221;.<br \/>\nA aluna Camila Victoria da Silva Ara\u00fajo conduziu a cerim\u00f4nia de formatura. Estiveram presentes no evento o 1\u00ba Tenente PM Matheus Duarte, o Cabo PM Luiz Felipe Silva, a dire\u00e7\u00e3o, coordena\u00e7\u00e3o e os professores do col\u00e9gio, pais, alunos e familiares. O aluno Leonardo Ishikawa Sossai fez a leitura da reda\u00e7\u00e3o com o tema &#8220;Escolhas&#8221; e recebeu uma medalha de honra ao m\u00e9rito.<br \/>\nNeste clima, a aluna\u00a0Valentine Ferrarezi\u00a0conduziu o juramento do Proerd. A professora Luc\u00e9lia Teramoto\u00a0e o Cabo PM Luiz Felipe Silva fizeram a entrega dos certificados de conclus\u00e3o aos alunos. O p\u00fablico tamb\u00e9m assistiu a apresenta\u00e7\u00f5es musicais sob a orienta\u00e7\u00e3o do professor Marcel Freire. As crian\u00e7as tamb\u00e9m apresentaram uma dan\u00e7a, sob a orienta\u00e7\u00e3o da Profa. Aline Siqueira, e a m\u00fasica do programa com o mascote do Proerd.<\/p>\n<p style=\"font-weight: 400; text-align: justify;\"><img loading=\"lazy\" decoding=\"async\" class=\"alignnone size-full wp-image-13264\" src=\"https:\/\/jorgezanoni.com.br\/2019\/wp-content\/uploads\/2019\/12\/proerd.jpg\" alt=\"\" width=\"900\" height=\"437\" srcset=\"https:\/\/jorgezanoni.com.br\/2019\/wp-content\/uploads\/2019\/12\/proerd.jpg 900w, https:\/\/jorgezanoni.com.br\/2019\/wp-content\/uploads\/2019\/12\/proerd-300x146.jpg 300w, https:\/\/jorgezanoni.com.br\/2019\/wp-content\/uploads\/2019\/12\/proerd-768x373.jpg 768w, https:\/\/jorgezanoni.com.br\/2019\/wp-content\/uploads\/2019\/12\/proerd-696x338.jpg 696w, https:\/\/jorgezanoni.com.br\/2019\/wp-content\/uploads\/2019\/12\/proerd-865x420.jpg 865w\" sizes=\"auto, (max-width: 900px) 100vw, 900px\" \/><\/p>\n<p style=\"font-weight: 400; text-align: justify;\">Carolina Colnago<\/p>\n<p style=\"font-weight: 400; text-align: justify;\">Assessora de Comunica\u00e7\u00e3o da Fundec &#8211; Jornalista<\/p>\n","protected":false},"excerpt":{"rendered":"<p>Os alunos do 5\u00ba ano do ensino fundamental do Col\u00e9gio Anglo-CID receberam, na noite do dia 2 de dezembro, os certificados de conclus\u00e3o do Programa de Resist\u00eancia \u00e0s Drogas e \u00e0 Viol\u00eancia (Proerd), no Audit\u00f3rio &#8220;Prof. Geraldo Mariano Alves&#8221;. A aluna Camila Victoria da Silva Ara\u00fajo conduziu a cerim\u00f4nia de formatura. Estiveram presentes no evento [&hellip;]<\/p>\n","protected":false},"author":1,"featured_media":13265,"comment_status":"closed","ping_status":"open","sticky":false,"template":"","format":"standard","meta":{"footnotes":""},"categories":[122],"tags":[],"class_list":["post-13263","post","type-post","status-publish","format-standard","has-post-thumbnail","hentry","category-saudeeducacaoeconcurso"],"_links":{"self":[{"href":"https:\/\/jorgezanoni.com.br\/2019\/wp-json\/wp\/v2\/posts\/13263","targetHints":{"allow":["GET"]}}],"collection":[{"href":"https:\/\/jorgezanoni.com.br\/2019\/wp-json\/wp\/v2\/posts"}],"about":[{"href":"https:\/\/jorgezanoni.com.br\/2019\/wp-json\/wp\/v2\/types\/post"}],"author":[{"embeddable":true,"href":"https:\/\/jorgezanoni.com.br\/2019\/wp-json\/wp\/v2\/users\/1"}],"replies":[{"embeddable":true,"href":"https:\/\/jorgezanoni.com.br\/2019\/wp-json\/wp\/v2\/comments?post=13263"}],"version-history":[{"count":0,"href":"https:\/\/jorgezanoni.com.br\/2019\/wp-json\/wp\/v2\/posts\/13263\/revisions"}],"wp:featuredmedia":[{"embeddable":true,"href":"https:\/\/jorgezanoni.com.br\/2019\/wp-json\/wp\/v2\/media\/13265"}],"wp:attachment":[{"href":"https:\/\/jorgezanoni.com.br\/2019\/wp-json\/wp\/v2\/media?parent=13263"}],"wp:term":[{"taxonomy":"category","embeddable":true,"href":"https:\/\/jorgezanoni.com.br\/2019\/wp-json\/wp\/v2\/categories?post=13263"},{"taxonomy":"post_tag","embeddable":true,"href":"https:\/\/jorgezanoni.com.br\/2019\/wp-json\/wp\/v2\/tags?post=13263"}],"curies":[{"name":"wp","href":"https:\/\/api.w.org\/{rel}","templated":true}]}}