{"id":13259,"date":"2019-12-06T16:25:14","date_gmt":"2019-12-06T16:25:14","guid":{"rendered":"https:\/\/jorgezanoni.com.br\/2019\/?p=13259"},"modified":"2019-12-06T16:25:14","modified_gmt":"2019-12-06T16:25:14","slug":"alunos-do-anglo-cid-participam-de-parlamento-jovem-em-dracena","status":"publish","type":"post","link":"https:\/\/jorgezanoni.com.br\/2019\/alunos-do-anglo-cid-participam-de-parlamento-jovem-em-dracena\/","title":{"rendered":"Alunos do Anglo-CID participam de Parlamento Jovem em Dracena"},"content":{"rendered":"<p style=\"font-weight: 400; text-align: justify;\">No dia 2 de dezembro, na C\u00e2mara Municipal de Dracena, durante a sess\u00e3o, os alunos do Anglo-CID 9\u00ba ano do Ensino Fundamental Fernando Fuzinatto de Carvalho Silva, Paula Ortiz Vido dos Santos e Pedro Henrique Daun Crudo, acompanhados pelo inspetor de alunos Andr\u00e9 Barrivieira, participaram do Parlamento Jovem Municipal.<br \/>\nO aluno Fernando Fuzinatto de Carvalho Silva apresentou indica\u00e7\u00e3o sobre a conserva\u00e7\u00e3o da Pra\u00e7a Nossa Senhora Aparecida.<br \/>\nA aluna Paula Ortiz Vido dos Santos apresentou requerimento sobre adequa\u00e7\u00e3o das ciclovias nas ruas da cidade.<br \/>\nO aluno Pedro Henrique Daun Crudo apresentou\u00a0 Projeto de Lei destinado \u00e0 execu\u00e7\u00e3o de obras de pavimenta\u00e7\u00e3o asf\u00e1ltica em vias urbanas e \u00e1reas industriais, da cidade de Dracena.<br \/>\nEul\u00e1lia Fava destacou que \u00e9 importante trazer o jovem para a pol\u00edtica, para que ele entenda como funciona uma Assembleia Legislativa e a legisla\u00e7\u00e3o de uma cidade.<br \/>\nO Parlamento Jovem Brasileiro \u00e9 realizado anualmente e tem por objetivo possibilitar aos alunos de escolas p\u00fablicas e particulares a viv\u00eancia do processo democr\u00e1tico, mediante participa\u00e7\u00e3o em uma jornada parlamentar na C\u00e2mara dos Deputados, em que os estudantes tomam posse e atuam como deputados jovens.<\/p>\n<p><img loading=\"lazy\" decoding=\"async\" class=\"alignnone size-full wp-image-13260\" src=\"https:\/\/jorgezanoni.com.br\/2019\/wp-content\/uploads\/2019\/12\/Parla.jpg\" alt=\"\" width=\"1600\" height=\"1200\" srcset=\"https:\/\/jorgezanoni.com.br\/2019\/wp-content\/uploads\/2019\/12\/Parla.jpg 1600w, https:\/\/jorgezanoni.com.br\/2019\/wp-content\/uploads\/2019\/12\/Parla-300x225.jpg 300w, https:\/\/jorgezanoni.com.br\/2019\/wp-content\/uploads\/2019\/12\/Parla-768x576.jpg 768w, https:\/\/jorgezanoni.com.br\/2019\/wp-content\/uploads\/2019\/12\/Parla-1024x768.jpg 1024w, https:\/\/jorgezanoni.com.br\/2019\/wp-content\/uploads\/2019\/12\/Parla-80x60.jpg 80w, https:\/\/jorgezanoni.com.br\/2019\/wp-content\/uploads\/2019\/12\/Parla-265x198.jpg 265w, https:\/\/jorgezanoni.com.br\/2019\/wp-content\/uploads\/2019\/12\/Parla-696x522.jpg 696w, https:\/\/jorgezanoni.com.br\/2019\/wp-content\/uploads\/2019\/12\/Parla-1068x801.jpg 1068w, https:\/\/jorgezanoni.com.br\/2019\/wp-content\/uploads\/2019\/12\/Parla-560x420.jpg 560w\" sizes=\"auto, (max-width: 1600px) 100vw, 1600px\" \/><\/p>\n<p style=\"font-weight: 400; text-align: justify;\">Carolina Colnago<\/p>\n<p style=\"font-weight: 400; text-align: justify;\">Assessora de Comunica\u00e7\u00e3o da Fundec &#8211; Jornalista<\/p>\n<p>Fotos: Alunos do Anglo-CID na C\u00e2mara de Dracena.<\/p>\n","protected":false},"excerpt":{"rendered":"<p>No dia 2 de dezembro, na C\u00e2mara Municipal de Dracena, durante a sess\u00e3o, os alunos do Anglo-CID 9\u00ba ano do Ensino Fundamental Fernando Fuzinatto de Carvalho Silva, Paula Ortiz Vido dos Santos e Pedro Henrique Daun Crudo, acompanhados pelo inspetor de alunos Andr\u00e9 Barrivieira, participaram do Parlamento Jovem Municipal. O aluno Fernando Fuzinatto de Carvalho [&hellip;]<\/p>\n","protected":false},"author":1,"featured_media":13261,"comment_status":"closed","ping_status":"open","sticky":false,"template":"","format":"standard","meta":{"footnotes":""},"categories":[122],"tags":[],"class_list":["post-13259","post","type-post","status-publish","format-standard","has-post-thumbnail","hentry","category-saudeeducacaoeconcurso"],"_links":{"self":[{"href":"https:\/\/jorgezanoni.com.br\/2019\/wp-json\/wp\/v2\/posts\/13259","targetHints":{"allow":["GET"]}}],"collection":[{"href":"https:\/\/jorgezanoni.com.br\/2019\/wp-json\/wp\/v2\/posts"}],"about":[{"href":"https:\/\/jorgezanoni.com.br\/2019\/wp-json\/wp\/v2\/types\/post"}],"author":[{"embeddable":true,"href":"https:\/\/jorgezanoni.com.br\/2019\/wp-json\/wp\/v2\/users\/1"}],"replies":[{"embeddable":true,"href":"https:\/\/jorgezanoni.com.br\/2019\/wp-json\/wp\/v2\/comments?post=13259"}],"version-history":[{"count":0,"href":"https:\/\/jorgezanoni.com.br\/2019\/wp-json\/wp\/v2\/posts\/13259\/revisions"}],"wp:featuredmedia":[{"embeddable":true,"href":"https:\/\/jorgezanoni.com.br\/2019\/wp-json\/wp\/v2\/media\/13261"}],"wp:attachment":[{"href":"https:\/\/jorgezanoni.com.br\/2019\/wp-json\/wp\/v2\/media?parent=13259"}],"wp:term":[{"taxonomy":"category","embeddable":true,"href":"https:\/\/jorgezanoni.com.br\/2019\/wp-json\/wp\/v2\/categories?post=13259"},{"taxonomy":"post_tag","embeddable":true,"href":"https:\/\/jorgezanoni.com.br\/2019\/wp-json\/wp\/v2\/tags?post=13259"}],"curies":[{"name":"wp","href":"https:\/\/api.w.org\/{rel}","templated":true}]}}