{"id":13256,"date":"2019-12-06T16:12:33","date_gmt":"2019-12-06T16:12:33","guid":{"rendered":"https:\/\/jorgezanoni.com.br\/2019\/?p=13256"},"modified":"2019-12-06T16:13:53","modified_gmt":"2019-12-06T16:13:53","slug":"alunos-da-fundec-finalizam-disciplina-extracurricular-de-empreendedorismo","status":"publish","type":"post","link":"https:\/\/jorgezanoni.com.br\/2019\/alunos-da-fundec-finalizam-disciplina-extracurricular-de-empreendedorismo\/","title":{"rendered":"Alunos da Fundec finalizam disciplina extracurricular de Empreendedorismo"},"content":{"rendered":"<p style=\"font-weight: 400; text-align: justify;\">Os alunos da Unifadra e dos cursos t\u00e9cnicos do CEP\/UME participaram da disciplina extracurricular e gratuita de Empreendedorismo, de maio a novembro de 2019. Os estudantes apresentaram o resultado final dos projetos de conclus\u00e3o neste s\u00e1bado, dia 30 de novembro, na Fundec.<\/p>\n<p style=\"font-weight: 400; text-align: justify;\">A atividade apresentada foi baseada no modelo da plataforma CANVAS e trouxe propostas de empresas inovadoras que apresentaram solu\u00e7\u00f5es variadas no campo de vendas de produtos e presta\u00e7\u00e3o de servi\u00e7os.\u00a0 Estiveram presentes o diretor acad\u00eamico da Unifadra Prof. Dr. Enio Garbelini, a diretora do CEP\/UME Profa. Julia Portari, os agentes de atendimento do Posto do SEBRAE Dracena Fabiana Amolaro e Caio Pedro Lemos, o diretor de Comunica\u00e7\u00e3o da Fundec Fernando Nunes e os professores Alexandre Queiroz, Marcos Tanganini, Ronaldo Cust\u00f3dio e Tiago de David. Na ocasi\u00e3o, os alunos receberam seus certificados e participaram de uma confraterniza\u00e7\u00e3o.<\/p>\n<p style=\"font-weight: 400; text-align: justify;\">Durante o ano, os estudantes trabalham conceitos, din\u00e2micas e atividades que os levaram \u00e0 reflex\u00e3o e assimila\u00e7\u00e3o do que \u00e9 ser empreendedor, compet\u00eancias e caracter\u00edsticas empreendedoras e de mercado, al\u00e9m de elaborar um plano de neg\u00f3cio.<\/p>\n<p style=\"font-weight: 400; text-align: justify;\">Carolina Colnago<\/p>\n<p style=\"font-weight: 400; text-align: justify;\">Assessora de Comunica\u00e7\u00e3o da Fundec &#8211; Jornalista<\/p>\n","protected":false},"excerpt":{"rendered":"<p>Os alunos da Unifadra e dos cursos t\u00e9cnicos do CEP\/UME participaram da disciplina extracurricular e gratuita de Empreendedorismo, de maio a novembro de 2019. Os estudantes apresentaram o resultado final dos projetos de conclus\u00e3o neste s\u00e1bado, dia 30 de novembro, na Fundec. A atividade apresentada foi baseada no modelo da plataforma CANVAS e trouxe propostas [&hellip;]<\/p>\n","protected":false},"author":1,"featured_media":13257,"comment_status":"closed","ping_status":"open","sticky":false,"template":"","format":"standard","meta":{"footnotes":""},"categories":[122],"tags":[],"class_list":["post-13256","post","type-post","status-publish","format-standard","has-post-thumbnail","hentry","category-saudeeducacaoeconcurso"],"_links":{"self":[{"href":"https:\/\/jorgezanoni.com.br\/2019\/wp-json\/wp\/v2\/posts\/13256","targetHints":{"allow":["GET"]}}],"collection":[{"href":"https:\/\/jorgezanoni.com.br\/2019\/wp-json\/wp\/v2\/posts"}],"about":[{"href":"https:\/\/jorgezanoni.com.br\/2019\/wp-json\/wp\/v2\/types\/post"}],"author":[{"embeddable":true,"href":"https:\/\/jorgezanoni.com.br\/2019\/wp-json\/wp\/v2\/users\/1"}],"replies":[{"embeddable":true,"href":"https:\/\/jorgezanoni.com.br\/2019\/wp-json\/wp\/v2\/comments?post=13256"}],"version-history":[{"count":0,"href":"https:\/\/jorgezanoni.com.br\/2019\/wp-json\/wp\/v2\/posts\/13256\/revisions"}],"wp:featuredmedia":[{"embeddable":true,"href":"https:\/\/jorgezanoni.com.br\/2019\/wp-json\/wp\/v2\/media\/13257"}],"wp:attachment":[{"href":"https:\/\/jorgezanoni.com.br\/2019\/wp-json\/wp\/v2\/media?parent=13256"}],"wp:term":[{"taxonomy":"category","embeddable":true,"href":"https:\/\/jorgezanoni.com.br\/2019\/wp-json\/wp\/v2\/categories?post=13256"},{"taxonomy":"post_tag","embeddable":true,"href":"https:\/\/jorgezanoni.com.br\/2019\/wp-json\/wp\/v2\/tags?post=13256"}],"curies":[{"name":"wp","href":"https:\/\/api.w.org\/{rel}","templated":true}]}}