{"id":13245,"date":"2019-12-06T15:37:03","date_gmt":"2019-12-06T15:37:03","guid":{"rendered":"https:\/\/jorgezanoni.com.br\/2019\/?p=13245"},"modified":"2019-12-06T15:37:03","modified_gmt":"2019-12-06T15:37:03","slug":"de-patas-para-o-ar","status":"publish","type":"post","link":"https:\/\/jorgezanoni.com.br\/2019\/de-patas-para-o-ar\/","title":{"rendered":"&#8220;&#8230;De Patas para o Ar&#8221;"},"content":{"rendered":"<p style=\"text-align: justify;\"><strong>\u201c&#8230;DE PATAS PARA O AR\u201d.<\/strong><\/p>\n<p style=\"text-align: justify;\"><strong>*CLAUDIVAL CLEMENTE<\/strong><\/p>\n<p style=\"text-align: justify;\"><strong>*CLAUDIVAL MOURA CLEMENTE<\/strong><\/p>\n<p style=\"text-align: justify;\">Dif\u00edcil um escritor construir uma personalidade marcante para um personagem secund\u00e1rio, mas, Neco Rosa foi constru\u00eddo desta forma. Embora coadjuvante, sempre esteve presente nas melhores cenas isoladamente ou na companhia do protagonista, o m\u00e9dico Dr. Rodrigo Cambar\u00e1, hom\u00f4nimo de seu av\u00f4 Capit\u00e3o Rodrigo Cambar\u00e1, personagem que ganhou sucesso absoluto, inclusive em uma mini s\u00e9rie que recebeu o nome do livro \u201cO TEMPO E O VENTO\u201d, obra \u00e9pica composta de 4 volumes.<\/p>\n<p style=\"text-align: justify;\">Sem explica\u00e7\u00e3o que nenhum roteirista tenha se interessado em escrever sobre esta parte da saga criada pelo ga\u00facho \u00c9rico. Neco Rosa era barbeiro, tocador de viol\u00e3o, seresteiro e amigo do Dr. Rodrigo.<\/p>\n<p style=\"text-align: justify;\">Voltando ao Neco Rosa, na concep\u00e7\u00e3o do Dr. Rodrigo Cambar\u00e1, \u201co pior barbeiro\u201d do mundo, sempre tinha tiradas incr\u00edveis para as situa\u00e7\u00f5es mais inusitadas e proferia algumas frases impressionantes, que descreviam muito melhor a situa\u00e7\u00e3o do que qualquer explica\u00e7\u00e3o.<\/p>\n<p style=\"text-align: justify;\">O nosso pais vive uma situa\u00e7\u00e3o inusitada. V\u00e1rios presos condenados em segunda inst\u00e2ncia s\u00e3o soltos, por atua\u00e7\u00e3o dos ministros \u201cgarantistas\u201d do Supremo Tribunal Federal, sendo que um deles, que foi posto em liberdade, mesmo sendo condenado, se declara inocente e propala o tempo todo, improp\u00e9rios contra autoridades da Rep\u00fablica.<\/p>\n<p style=\"text-align: justify;\">Dois agentes p\u00fablicos, um eleito pelo povo para a C\u00e2mara dos Deputados e outro Ministro de Estado, admitem que desejariam a volta do AI5, o mais duro golpe perpetrado pelos militares por ocasi\u00e3o da vig\u00eancia da ditadura militar, ou seja, atacam abertamente a democracia brasileira, reestabelecida gra\u00e7as ao trabalho da popula\u00e7\u00e3o que n\u00e3o se curvou ao autoritarismo militar. O AI5 era chamado o golpe dentro do golpe e entre outras medidas, previa o fechamento do Congresso Nacional, cassa\u00e7\u00e3o de mandato de pessoas eleitas e proibia que o Poder Judici\u00e1rio concedesse medidas garantindo o direito individual.<\/p>\n<p style=\"text-align: justify;\">Uma pessoa indicada para a Presid\u00eancia da uma funda\u00e7\u00e3o p\u00fablica que se ocupa na defesa de valores na influ\u00eancia negra na forma\u00e7\u00e3o da sociedade brasileira, admite em entrevista que o racismo n\u00e3o existe no Brasil.<\/p>\n<p style=\"text-align: justify;\">Para terminar, um profissional de m\u00fasica cl\u00e1ssica, nomeado para uma funda\u00e7\u00e3o p\u00fablica que cuida das artes no pa\u00eds, atrelou o rock ao satanismo e \u00e0s drogas.<\/p>\n<p style=\"text-align: justify;\">Para situa\u00e7\u00f5es antidemocr\u00e1ticas, grotescas, inexplic\u00e1veis e absurdas como as acima narradas, que sequer merecem maiores coment\u00e1rios, chamando \u00e0 cena Neco Rosa, personagem do \u00c9rico Ver\u00edssimo, este soltaria a sonora frase : \u201c O Brasil est\u00e1 \u00a0de patas para o ar&#8230;..\u201d (1)<\/p>\n<p style=\"text-align: justify;\">Envie d\u00favidas, coment\u00e1rios ou sugest\u00f5es para <a href=\"mailto:bcrcconsultoria@gmail.com\">bcrcconsultoria@gmail.com<\/a>. At\u00e9 a pr\u00f3xima.<\/p>\n<p style=\"text-align: justify;\">*Formado em Direito pela Universidade Estadual de Direito do Norte Pioneiro em Jacarezinho e em Administra\u00e7\u00e3o de Empresas pela Faculdades Integradas de Ourinhos. S\u00f3cio s\u00eanior da BCRC Consultoria.<\/p>\n<p style=\"text-align: justify;\">** Revis\u00e3o e colabora\u00e7\u00e3o\u00a0 &#8211; Acad\u00eamico de Administra\u00e7\u00e3o de Empresas na UNICID.<\/p>\n<ul>\n<li style=\"text-align: justify;\">Adaptada da frase original \u201co mundo est\u00e1 de patas para o ar\u201d, do livro O TEMPO E O VENTO, de \u00c9rico Ver\u00edssimo.<\/li>\n<\/ul>\n","protected":false},"excerpt":{"rendered":"<p>\u201c&#8230;DE PATAS PARA O AR\u201d. *CLAUDIVAL CLEMENTE *CLAUDIVAL MOURA CLEMENTE Dif\u00edcil um escritor construir uma personalidade marcante para um personagem secund\u00e1rio, mas, Neco Rosa foi constru\u00eddo desta forma. Embora coadjuvante, sempre esteve presente nas melhores cenas isoladamente ou na companhia do protagonista, o m\u00e9dico Dr. Rodrigo Cambar\u00e1, hom\u00f4nimo de seu av\u00f4 Capit\u00e3o Rodrigo Cambar\u00e1, personagem [&hellip;]<\/p>\n","protected":false},"author":1,"featured_media":13246,"comment_status":"closed","ping_status":"open","sticky":false,"template":"","format":"standard","meta":{"footnotes":""},"categories":[175],"tags":[],"class_list":["post-13245","post","type-post","status-publish","format-standard","has-post-thumbnail","hentry","category-artigos"],"_links":{"self":[{"href":"https:\/\/jorgezanoni.com.br\/2019\/wp-json\/wp\/v2\/posts\/13245","targetHints":{"allow":["GET"]}}],"collection":[{"href":"https:\/\/jorgezanoni.com.br\/2019\/wp-json\/wp\/v2\/posts"}],"about":[{"href":"https:\/\/jorgezanoni.com.br\/2019\/wp-json\/wp\/v2\/types\/post"}],"author":[{"embeddable":true,"href":"https:\/\/jorgezanoni.com.br\/2019\/wp-json\/wp\/v2\/users\/1"}],"replies":[{"embeddable":true,"href":"https:\/\/jorgezanoni.com.br\/2019\/wp-json\/wp\/v2\/comments?post=13245"}],"version-history":[{"count":0,"href":"https:\/\/jorgezanoni.com.br\/2019\/wp-json\/wp\/v2\/posts\/13245\/revisions"}],"wp:featuredmedia":[{"embeddable":true,"href":"https:\/\/jorgezanoni.com.br\/2019\/wp-json\/wp\/v2\/media\/13246"}],"wp:attachment":[{"href":"https:\/\/jorgezanoni.com.br\/2019\/wp-json\/wp\/v2\/media?parent=13245"}],"wp:term":[{"taxonomy":"category","embeddable":true,"href":"https:\/\/jorgezanoni.com.br\/2019\/wp-json\/wp\/v2\/categories?post=13245"},{"taxonomy":"post_tag","embeddable":true,"href":"https:\/\/jorgezanoni.com.br\/2019\/wp-json\/wp\/v2\/tags?post=13245"}],"curies":[{"name":"wp","href":"https:\/\/api.w.org\/{rel}","templated":true}]}}