{"id":13217,"date":"2019-12-06T01:57:53","date_gmt":"2019-12-06T01:57:53","guid":{"rendered":"https:\/\/jorgezanoni.com.br\/2019\/?p=13217"},"modified":"2019-12-06T01:57:53","modified_gmt":"2019-12-06T01:57:53","slug":"mortes-de-macacos-prego-na-cidade-da-crianca-mobilizam-autoridades-de-saude-em-presidente-prudente","status":"publish","type":"post","link":"https:\/\/jorgezanoni.com.br\/2019\/mortes-de-macacos-prego-na-cidade-da-crianca-mobilizam-autoridades-de-saude-em-presidente-prudente\/","title":{"rendered":"Mortes de macacos-prego na Cidade da Crian\u00e7a mobilizam autoridades de sa\u00fade em Presidente Prudente"},"content":{"rendered":"<h2 class=\"content-head__subtitle\" style=\"text-align: justify;\"><strong>Segundo a Prefeitura, os animais apresentaram sinais cl\u00ednicos de diarreia aquosa profusa e desidrata\u00e7\u00e3o.<\/strong><\/h2>\n<div class=\"mc-column content-text active-extra-styles \" data-block-type=\"unstyled\" data-block-weight=\"31\" data-block-id=\"2\">\n<p class=\"content-text__container \" style=\"text-align: justify;\" data-track-category=\"Link no Texto\" data-track-links=\"\">As mortes de quatro macacos-prego no Parque Ecol\u00f3gico da Cidade da Crian\u00e7a mobilizaram as autoridades de sa\u00fade em\u00a0<a href=\"https:\/\/g1.globo.com\/sp\/presidente-prudente-regiao\/cidade\/presidente-prudente\/\">Presidente Prudente<\/a>\u00a0com o objetivo de diagnosticar o que efetivamente vitimou os animais.<\/p>\n<\/div>\n<div class=\"wall protected-content\">\n<div class=\"mc-column content-text active-extra-styles \" style=\"text-align: justify;\" data-block-type=\"unstyled\" data-block-weight=\"20\" data-block-id=\"3\">\n<p class=\"content-text__container \" data-track-category=\"Link no Texto\" data-track-links=\"\">Na \u00faltima semana, seis macacos-prego ficaram doentes, sendo que quatro vieram a \u00f3bito e dois, depois de tratados, est\u00e3o bem.<\/p>\n<\/div>\n<div class=\"mc-column content-text active-extra-styles \" style=\"text-align: justify;\" data-block-type=\"unstyled\" data-block-weight=\"14\" data-block-id=\"4\">\n<p class=\"content-text__container \" data-track-category=\"Link no Texto\" data-track-links=\"\">Segundo a Prefeitura, os macacos apresentaram sinais cl\u00ednicos de diarreia aquosa profusa e desidrata\u00e7\u00e3o.<\/p>\n<\/div>\n<div class=\"mc-column content-text active-extra-styles \" style=\"text-align: justify;\" data-block-type=\"unstyled\" data-block-weight=\"23\" data-block-id=\"5\">\n<p class=\"content-text__container \" data-track-category=\"Link no Texto\" data-track-links=\"\">Durante este per\u00edodo, a Cidade da Crian\u00e7a comunicou a Vigil\u00e2ncia Epidemiol\u00f3gica, que prontamente auxiliou em todos os procedimentos institu\u00eddos pelo Minist\u00e9rio da Sa\u00fade.<\/p>\n<\/div>\n<div class=\"mc-column content-text active-extra-styles \" style=\"text-align: justify;\" data-block-type=\"unstyled\" data-block-weight=\"40\" data-block-id=\"6\">\n<p class=\"content-text__container \" data-track-category=\"Link no Texto\" data-track-links=\"\">Al\u00e9m da Vigil\u00e2ncia Epidemiol\u00f3gica, a Cidade da Crian\u00e7a tamb\u00e9m se reuniu com membros da Superintend\u00eancia de Controle de Endemias (Sucen), da Vigil\u00e2ncia Sanit\u00e1ria, do Instituto Adolfo Lutz e do Centro de Controle de Zoonoses (CCZ), cumprindo todo o protocolo exigido.<\/p>\n<\/div>\n<div class=\"mc-column content-text active-extra-styles \" data-block-type=\"unstyled\" data-block-weight=\"15\" data-block-id=\"8\">\n<p class=\"content-text__container \" style=\"text-align: justify;\" data-track-category=\"Link no Texto\" data-track-links=\"\">Segundo este protocolo, foi realizada a coleta de material dos animais enviados aos laborat\u00f3rios competentes.<\/p>\n<p style=\"text-align: justify;\" data-track-category=\"Link no Texto\" data-track-links=\"\"><img loading=\"lazy\" decoding=\"async\" class=\"alignnone size-full wp-image-13218\" src=\"https:\/\/jorgezanoni.com.br\/2019\/wp-content\/uploads\/2019\/12\/macaco1.jpg\" alt=\"\" width=\"1000\" height=\"567\" srcset=\"https:\/\/jorgezanoni.com.br\/2019\/wp-content\/uploads\/2019\/12\/macaco1.jpg 1000w, https:\/\/jorgezanoni.com.br\/2019\/wp-content\/uploads\/2019\/12\/macaco1-300x170.jpg 300w, https:\/\/jorgezanoni.com.br\/2019\/wp-content\/uploads\/2019\/12\/macaco1-768x435.jpg 768w, https:\/\/jorgezanoni.com.br\/2019\/wp-content\/uploads\/2019\/12\/macaco1-696x395.jpg 696w, https:\/\/jorgezanoni.com.br\/2019\/wp-content\/uploads\/2019\/12\/macaco1-741x420.jpg 741w\" sizes=\"auto, (max-width: 1000px) 100vw, 1000px\" \/>Macacos-prego vivem no Parque Ecol\u00f3gico da Cidade da Crian\u00e7a \u2014 Foto: Reprodu\u00e7\u00e3o\/TV Fronteira<\/p>\n<div class=\"mc-column content-text active-extra-styles \" style=\"text-align: justify;\" data-block-type=\"unstyled\" data-block-weight=\"23\" data-block-id=\"10\">\n<p class=\"content-text__container \" data-track-category=\"Link no Texto\" data-track-links=\"\">\u201cEstamos aguardando o resultado para o fechamento do diagn\u00f3stico definitivo. Os resultados saem dentro de aproximadamente 20 dias\u201d, salientou a Prefeitura ao\u00a0<strong>G1<\/strong>.<\/p>\n<\/div>\n<div class=\"mc-column content-text active-extra-styles \" style=\"text-align: justify;\" data-block-type=\"unstyled\" data-block-weight=\"31\" data-block-id=\"11\">\n<p class=\"content-text__container \" data-track-category=\"Link no Texto\" data-track-links=\"\">Ainda de acordo com o Poder Executivo, desde ent\u00e3o, n\u00e3o houve nenhuma altera\u00e7\u00e3o comportamental nos animais que est\u00e3o em observa\u00e7\u00e3o constante da equipe t\u00e9cnica do Parque Ecol\u00f3gico da Cidade da Crian\u00e7a.<\/p>\n<p class=\"content-text__container \" data-track-category=\"Link no Texto\" data-track-links=\"\"><span style=\"font-style: italic; text-align: center;\">\u201cSolicitamos que a popula\u00e7\u00e3o n\u00e3o ofere\u00e7a alimentos aos animais de vida livre, que circulam por toda a \u00e1rea da Cidade da Crian\u00e7a\u201d, salientou a Prefeitura.<\/span><\/p>\n<\/div>\n<div class=\"mc-column content-text active-extra-styles \" data-block-type=\"unstyled\" data-block-weight=\"29\" data-block-id=\"13\">\n<p class=\"content-text__container \" style=\"text-align: justify;\" data-track-category=\"Link no Texto\" data-track-links=\"\">\u201cLembramos que \u00e9 aconselh\u00e1vel que toda visita\u00e7\u00e3o em \u00e1rea de mata, no territ\u00f3rio nacional, seja realizada com a carteira de vacina\u00e7\u00e3o do visitante em dia\u201d, orientou o Poder Executivo.<\/p>\n<div class=\"mc-column content-text active-extra-styles \" style=\"text-align: justify;\" data-block-type=\"unstyled\" data-block-weight=\"34\" data-block-id=\"16\">\n<p class=\"content-text__container \" data-track-category=\"Link no Texto\" data-track-links=\"\">Em nota ao\u00a0<strong>G1<\/strong>, a Secretaria da Sa\u00fade do Estado de S\u00e3o Paulo explicou que \u201cest\u00e3o em andamento as an\u00e1lises do Instituto Adolfo Lutz sobre a morte de macacos na cidade de Presidente Prudente\u201d.<\/p>\n<\/div>\n<div class=\"mc-column content-text active-extra-styles \" data-block-type=\"unstyled\" data-block-weight=\"17\" data-block-id=\"17\">\n<p class=\"content-text__container \" style=\"text-align: justify;\" data-track-category=\"Link no Texto\" data-track-links=\"\">Ainda de acordo com a pasta estadual, \u201ca Prefeitura ser\u00e1 notificada t\u00e3o logo o resultado se conclua\u201d.<\/p>\n<p style=\"text-align: justify;\" data-track-category=\"Link no Texto\" data-track-links=\"\"><img loading=\"lazy\" decoding=\"async\" class=\"alignnone size-full wp-image-13219\" src=\"https:\/\/jorgezanoni.com.br\/2019\/wp-content\/uploads\/2019\/12\/macaco2.jpg\" alt=\"\" width=\"1000\" height=\"567\" srcset=\"https:\/\/jorgezanoni.com.br\/2019\/wp-content\/uploads\/2019\/12\/macaco2.jpg 1000w, https:\/\/jorgezanoni.com.br\/2019\/wp-content\/uploads\/2019\/12\/macaco2-300x170.jpg 300w, https:\/\/jorgezanoni.com.br\/2019\/wp-content\/uploads\/2019\/12\/macaco2-768x435.jpg 768w, https:\/\/jorgezanoni.com.br\/2019\/wp-content\/uploads\/2019\/12\/macaco2-696x395.jpg 696w, https:\/\/jorgezanoni.com.br\/2019\/wp-content\/uploads\/2019\/12\/macaco2-741x420.jpg 741w\" sizes=\"auto, (max-width: 1000px) 100vw, 1000px\" \/>Macacos-prego vivem no Parque Ecol\u00f3gico da Cidade da Crian\u00e7a \u2014 Foto: Reprodu\u00e7\u00e3o\/TV Fronteira<\/p>\n<div class=\"mc-column content-text active-extra-styles\" style=\"text-align: justify;\" data-block-type=\"raw\" data-block-weight=\"1\" data-block-id=\"20\">\n<div class=\"content-intertitle\">\n<h2>Macaco-prego<\/h2>\n<\/div>\n<\/div>\n<div class=\"mc-column content-text active-extra-styles \" style=\"text-align: justify;\" data-block-type=\"unstyled\" data-block-weight=\"27\" data-block-id=\"21\">\n<p class=\"content-text__container \" data-track-category=\"Link no Texto\" data-track-links=\"\">O macaco-prego (<em>Cebus nigritus<\/em>) tem ocorr\u00eancia, em terras brasileiras,\u00a0<a href=\"http:\/\/faunaeflora.terradagente.g1.globo.com\/fauna\/mamiferos\/NOT,0,0,1223406,Macaco-prego.aspx\" target=\"_blank\" rel=\"noopener noreferrer\">em Santa Catarina, Rio Grande do Sul, Paran\u00e1, S\u00e3o Paulo, Rio de Janeiro, Minas Gerais e Esp\u00edrito Santo<\/a>.<\/p>\n<\/div>\n<div class=\"mc-column content-text active-extra-styles \" style=\"text-align: justify;\" data-block-type=\"unstyled\" data-block-weight=\"6\" data-block-id=\"22\">\n<p class=\"content-text__container \" data-track-category=\"Link no Texto\" data-track-links=\"\">Seu\u00a0<em>habitat\u00a0<\/em>\u00e9 a Mata Atl\u00e2ntica.<\/p>\n<\/div>\n<div class=\"mc-column content-text active-extra-styles \" style=\"text-align: justify;\" data-block-type=\"unstyled\" data-block-weight=\"33\" data-block-id=\"23\">\n<p class=\"content-text__container \" data-track-category=\"Link no Texto\" data-track-links=\"\">A esp\u00e9cie alimenta-se de frutos (60%), al\u00e9m de sementes, castanhas, flores, gomas, n\u00e9ctar, fungos, seiva, ovos, insetos, aracn\u00eddeos e pequenos vertebrados. Tamb\u00e9m consome algumas esp\u00e9cies de ostras e caranguejos nas regi\u00f5es costeiras (manguezais).<\/p>\n<\/div>\n<div class=\"mc-column content-text active-extra-styles \" style=\"text-align: justify;\" data-block-type=\"unstyled\" data-block-weight=\"34\" data-block-id=\"24\">\n<p class=\"content-text__container \" data-track-category=\"Link no Texto\" data-track-links=\"\">A gesta\u00e7\u00e3o dura, em m\u00e9dia, entre cinco e seis meses. A cada reprodu\u00e7\u00e3o \u00e9 gerado apenas um filhote, que \u00e9 carregado pelos pais ou outro indiv\u00edduo do grupo. O desmame ocorre aos oito meses.<\/p>\n<p data-track-category=\"Link no Texto\" data-track-links=\"\"><img loading=\"lazy\" decoding=\"async\" class=\"alignnone size-full wp-image-13220\" src=\"https:\/\/jorgezanoni.com.br\/2019\/wp-content\/uploads\/2019\/12\/macaco4.jpg\" alt=\"\" width=\"1000\" height=\"567\" srcset=\"https:\/\/jorgezanoni.com.br\/2019\/wp-content\/uploads\/2019\/12\/macaco4.jpg 1000w, https:\/\/jorgezanoni.com.br\/2019\/wp-content\/uploads\/2019\/12\/macaco4-300x170.jpg 300w, https:\/\/jorgezanoni.com.br\/2019\/wp-content\/uploads\/2019\/12\/macaco4-768x435.jpg 768w, https:\/\/jorgezanoni.com.br\/2019\/wp-content\/uploads\/2019\/12\/macaco4-696x395.jpg 696w, https:\/\/jorgezanoni.com.br\/2019\/wp-content\/uploads\/2019\/12\/macaco4-741x420.jpg 741w\" sizes=\"auto, (max-width: 1000px) 100vw, 1000px\" \/>Macacos-prego vivem no Parque Ecol\u00f3gico da Cidade da Crian\u00e7a \u2014 Foto: Reprodu\u00e7\u00e3o\/TV Fronteira<\/p>\n<div class=\"mc-column content-text active-extra-styles \" data-block-type=\"unstyled\" data-block-weight=\"69\" data-block-id=\"27\">\n<p class=\"content-text__container \" data-track-category=\"Link no Texto\" data-track-links=\"\">Este macaco, tamb\u00e9m conhecido como ca\u00ed (em guarani), sahi-hu (em tupi) e mico, n\u00e3o costuma passar de quatro quilos de peso. \u00c9 dotado de grande destreza manual, tanto que pode fazer uso de &#8220;ferramentas&#8221; para acessar o que deseja. Bate, por exemplo, castanhas e frutos duros em troncos ou rochas, e retira insetos de pequenos orif\u00edcios usando gravetos. Al\u00e9m disso, sabe se virar em pomares ou mesmo em monoculturas.<\/p>\n<\/div>\n<div class=\"mc-column content-text active-extra-styles \" data-block-type=\"unstyled\" data-block-weight=\"37\" data-block-id=\"28\">\n<p class=\"content-text__container \" data-track-category=\"Link no Texto\" data-track-links=\"\">\u00c9 talvez o primata mais inteligente das Am\u00e9ricas. Eles formam grupos entre oito e 16 indiv\u00edduos e, mesmo quando se distanciam uns dos outros para se alimentar, mant\u00eam contato vocal, utilizando-se de grande varia\u00e7\u00e3o de manifesta\u00e7\u00f5es sonoras.<\/p>\n<\/div>\n<div class=\"mc-column content-text active-extra-styles \" data-block-type=\"unstyled\" data-block-weight=\"22\" data-block-id=\"29\">\n<p class=\"content-text__container \" data-track-category=\"Link no Texto\" data-track-links=\"\">Embora vez ou outra pare na posi\u00e7\u00e3o b\u00edpede, \u00e9 considerado um quadr\u00fapede. Excelente escalador, chega tamb\u00e9m a saltar tr\u00eas metros de dist\u00e2ncia.<\/p>\n<p data-track-category=\"Link no Texto\" data-track-links=\"\">Macacos-prego vivem no Parque Ecol\u00f3gico da Cidade da Crian\u00e7a \u2014 Foto: Reprodu\u00e7\u00e3o\/TV Fronteira<strong><img loading=\"lazy\" decoding=\"async\" class=\"alignnone size-full wp-image-13221\" src=\"https:\/\/jorgezanoni.com.br\/2019\/wp-content\/uploads\/2019\/12\/macaco5.jpg\" alt=\"\" width=\"1000\" height=\"567\" srcset=\"https:\/\/jorgezanoni.com.br\/2019\/wp-content\/uploads\/2019\/12\/macaco5.jpg 1000w, https:\/\/jorgezanoni.com.br\/2019\/wp-content\/uploads\/2019\/12\/macaco5-300x170.jpg 300w, https:\/\/jorgezanoni.com.br\/2019\/wp-content\/uploads\/2019\/12\/macaco5-768x435.jpg 768w, https:\/\/jorgezanoni.com.br\/2019\/wp-content\/uploads\/2019\/12\/macaco5-696x395.jpg 696w, https:\/\/jorgezanoni.com.br\/2019\/wp-content\/uploads\/2019\/12\/macaco5-741x420.jpg 741w\" sizes=\"auto, (max-width: 1000px) 100vw, 1000px\" \/><\/strong><\/p>\n<div class=\"row medium-uncollapsed content-media content-photo\" data-block-type=\"backstage-photo\" data-block-id=\"30\">\n<div class=\"mc-column content-media__container\">\n<p class=\"content-media__description \">Macacos-prego vivem no Parque Ecol\u00f3gico da Cidade da Crian\u00e7a \u2014 Foto: Reprodu\u00e7\u00e3o\/TV Fronteira<\/p>\n<div class=\"mc-column content-text active-extra-styles \" data-block-type=\"unstyled\" data-block-weight=\"73\" data-block-id=\"32\">\n<p class=\"content-text__container \" data-track-category=\"Link no Texto\" data-track-links=\"\">Curiosamente esta esp\u00e9cie apresenta dois tipos de padr\u00f5es em regi\u00f5es distintas. Os macacos-prego ao norte do rio Para\u00edba do Sul, por exemplo, apresentam tufos altos e em forma de &#8220;chifres&#8221; e uma pelagem pr\u00f3xima aos membros inferiores marrom-enegrecido. Os que vivem ao sul, ao contr\u00e1rio, t\u00eam tufos fundidos e voltados para frente e para o lado, com p\u00ealos negros. Em comum, ambos apresentam cauda semi-pre\u00eansil de cor preta (com a faculdade de agarrar).<\/p>\n<\/div>\n<div class=\"mc-column content-text active-extra-styles \" data-block-type=\"unstyled\" data-block-weight=\"15\" data-block-id=\"33\">\n<p class=\"content-text__container \" data-track-category=\"Link no Texto\" data-track-links=\"\">A maturidade sexual das f\u00eameas se d\u00e1 aos quatro anos. A dos machos, aos sete.<\/p>\n<p data-track-category=\"Link no Texto\" data-track-links=\"\">Fonte: G1<\/p>\n<\/div>\n<\/div>\n<\/div>\n<div class=\"content-ads content-ads--reveal\" data-block-type=\"ads\" data-block-id=\"31\">\n<div id=\"banner_materia__3484aff5-45cf-471e-936d-48c7c6dbf1e6\" class=\"tag-manager-publicidade-container mc-has-reveal mc-has-ad-lazyload tag-manager-publicidade-banner_materia__3484aff5-45cf-471e-936d-48c7c6dbf1e6 tag-manager-publicidade-container--carregado tag-manager-publicidade-container--visivel\" data-id=\"banner_materia__3484aff5-45cf-471e-936d-48c7c6dbf1e6\" data-google-query-id=\"CMPbpbH0n-YCFZDJ4wcd3DgCbQ\" data-cid=\"138295281371\" data-lid=\"5235978886\"><\/div>\n<\/div>\n<div class=\"content-ads content-ads--reveal\" data-block-type=\"ads\" data-block-id=\"31\">\n<div id=\"banner_materia__3484aff5-45cf-471e-936d-48c7c6dbf1e6\" class=\"tag-manager-publicidade-container mc-has-reveal mc-has-ad-lazyload tag-manager-publicidade-banner_materia__3484aff5-45cf-471e-936d-48c7c6dbf1e6 tag-manager-publicidade-container--carregado tag-manager-publicidade-container--visivel\" data-id=\"banner_materia__3484aff5-45cf-471e-936d-48c7c6dbf1e6\" data-google-query-id=\"CMPbpbH0n-YCFZDJ4wcd3DgCbQ\" data-cid=\"138295281371\" data-lid=\"5235978886\"><\/div>\n<\/div>\n<\/div>\n<\/div>\n<div class=\"content-ads content-ads--reveal\" data-block-type=\"ads\" data-block-id=\"19\">\n<div id=\"banner_materia__0a0b22ef-9662-408d-bb83-38e07d4215c6\" class=\"tag-manager-publicidade-container mc-has-reveal mc-has-ad-lazyload tag-manager-publicidade-banner_materia__0a0b22ef-9662-408d-bb83-38e07d4215c6 tag-manager-publicidade-container--carregado tag-manager-publicidade-container--visivel\" style=\"text-align: justify;\" data-id=\"banner_materia__0a0b22ef-9662-408d-bb83-38e07d4215c6\" data-google-query-id=\"CKLumtnzn-YCFYR8wQodJlYLSQ\" data-cid=\"138296176290\" data-lid=\"5235525537\"><\/div>\n<\/div>\n<\/div>\n<\/div>\n<\/div>\n<\/div>\n","protected":false},"excerpt":{"rendered":"<p>Segundo a Prefeitura, os animais apresentaram sinais cl\u00ednicos de diarreia aquosa profusa e desidrata\u00e7\u00e3o. As mortes de quatro macacos-prego no Parque Ecol\u00f3gico da Cidade da Crian\u00e7a mobilizaram as autoridades de sa\u00fade em\u00a0Presidente Prudente\u00a0com o objetivo de diagnosticar o que efetivamente vitimou os animais. Na \u00faltima semana, seis macacos-prego ficaram doentes, sendo que quatro vieram a [&hellip;]<\/p>\n","protected":false},"author":1,"featured_media":13222,"comment_status":"closed","ping_status":"open","sticky":false,"template":"","format":"standard","meta":{"footnotes":""},"categories":[176,110],"tags":[],"class_list":["post-13217","post","type-post","status-publish","format-standard","has-post-thumbnail","hentry","category-meioambienteeagricultura","category-noticiasdestaque"],"_links":{"self":[{"href":"https:\/\/jorgezanoni.com.br\/2019\/wp-json\/wp\/v2\/posts\/13217","targetHints":{"allow":["GET"]}}],"collection":[{"href":"https:\/\/jorgezanoni.com.br\/2019\/wp-json\/wp\/v2\/posts"}],"about":[{"href":"https:\/\/jorgezanoni.com.br\/2019\/wp-json\/wp\/v2\/types\/post"}],"author":[{"embeddable":true,"href":"https:\/\/jorgezanoni.com.br\/2019\/wp-json\/wp\/v2\/users\/1"}],"replies":[{"embeddable":true,"href":"https:\/\/jorgezanoni.com.br\/2019\/wp-json\/wp\/v2\/comments?post=13217"}],"version-history":[{"count":0,"href":"https:\/\/jorgezanoni.com.br\/2019\/wp-json\/wp\/v2\/posts\/13217\/revisions"}],"wp:featuredmedia":[{"embeddable":true,"href":"https:\/\/jorgezanoni.com.br\/2019\/wp-json\/wp\/v2\/media\/13222"}],"wp:attachment":[{"href":"https:\/\/jorgezanoni.com.br\/2019\/wp-json\/wp\/v2\/media?parent=13217"}],"wp:term":[{"taxonomy":"category","embeddable":true,"href":"https:\/\/jorgezanoni.com.br\/2019\/wp-json\/wp\/v2\/categories?post=13217"},{"taxonomy":"post_tag","embeddable":true,"href":"https:\/\/jorgezanoni.com.br\/2019\/wp-json\/wp\/v2\/tags?post=13217"}],"curies":[{"name":"wp","href":"https:\/\/api.w.org\/{rel}","templated":true}]}}