{"id":13203,"date":"2019-12-06T00:58:36","date_gmt":"2019-12-06T00:58:36","guid":{"rendered":"https:\/\/jorgezanoni.com.br\/2019\/?p=13203"},"modified":"2019-12-06T01:01:09","modified_gmt":"2019-12-06T01:01:09","slug":"domingo-15-almoco-inesquecivel-no-pesqueiro-neves-com-reginaldo-viola-e-joao-du-prao-vallente","status":"publish","type":"post","link":"https:\/\/jorgezanoni.com.br\/2019\/domingo-15-almoco-inesquecivel-no-pesqueiro-neves-com-reginaldo-viola-e-joao-du-prao-vallente\/","title":{"rendered":"Domingo (15), almo\u00e7o inesquec\u00edvel no Pesqueiro Neves com Reginaldo Viola e Jo\u00e3o Du Prado &#038; Vallente"},"content":{"rendered":"<p style=\"text-align: justify;\"><strong>Esse voc\u00ea n\u00e3o pode perder. Domingo em dose dupla, mais uma novidade do Pesqueiro Neves.<\/strong><\/p>\n<p style=\"text-align: justify;\">No domingo dia 15, o Pesqueiro Neves convida voc\u00ea e sua fam\u00edlia para um almo\u00e7o especial, top e de qualidade, com dois shows especiais.<\/p>\n<p style=\"text-align: justify;\">Na hora do almo\u00e7o Reginaldo Viola e em seguida \u00e0s 17:00 Horas, Jo\u00e3o Du Prado &amp; Vallente.<\/p>\n<div style=\"width: 640px;\" class=\"wp-video\"><video class=\"wp-video-shortcode\" id=\"video-13203-1\" width=\"640\" height=\"352\" preload=\"metadata\" controls=\"controls\"><source type=\"video\/mp4\" src=\"https:\/\/jorgezanoni.com.br\/2019\/wp-content\/uploads\/2019\/12\/Jo\u00e3o-Du-Prado-Valente-Pesqueiro-Neves.mp4?_=1\" \/><a href=\"https:\/\/jorgezanoni.com.br\/2019\/wp-content\/uploads\/2019\/12\/Jo\u00e3o-Du-Prado-Valente-Pesqueiro-Neves.mp4\">https:\/\/jorgezanoni.com.br\/2019\/wp-content\/uploads\/2019\/12\/Jo\u00e3o-Du-Prado-Valente-Pesqueiro-Neves.mp4<\/a><\/video><\/div>\n<p><img loading=\"lazy\" decoding=\"async\" class=\"alignnone size-full wp-image-13206\" src=\"https:\/\/jorgezanoni.com.br\/2019\/wp-content\/uploads\/2019\/12\/Pesqueiro-Neves-2.jpg\" alt=\"\" width=\"1280\" height=\"960\" srcset=\"https:\/\/jorgezanoni.com.br\/2019\/wp-content\/uploads\/2019\/12\/Pesqueiro-Neves-2.jpg 1280w, https:\/\/jorgezanoni.com.br\/2019\/wp-content\/uploads\/2019\/12\/Pesqueiro-Neves-2-300x225.jpg 300w, https:\/\/jorgezanoni.com.br\/2019\/wp-content\/uploads\/2019\/12\/Pesqueiro-Neves-2-768x576.jpg 768w, https:\/\/jorgezanoni.com.br\/2019\/wp-content\/uploads\/2019\/12\/Pesqueiro-Neves-2-1024x768.jpg 1024w, https:\/\/jorgezanoni.com.br\/2019\/wp-content\/uploads\/2019\/12\/Pesqueiro-Neves-2-80x60.jpg 80w, https:\/\/jorgezanoni.com.br\/2019\/wp-content\/uploads\/2019\/12\/Pesqueiro-Neves-2-265x198.jpg 265w, https:\/\/jorgezanoni.com.br\/2019\/wp-content\/uploads\/2019\/12\/Pesqueiro-Neves-2-696x522.jpg 696w, https:\/\/jorgezanoni.com.br\/2019\/wp-content\/uploads\/2019\/12\/Pesqueiro-Neves-2-1068x801.jpg 1068w, https:\/\/jorgezanoni.com.br\/2019\/wp-content\/uploads\/2019\/12\/Pesqueiro-Neves-2-560x420.jpg 560w\" sizes=\"auto, (max-width: 1280px) 100vw, 1280px\" \/> <img loading=\"lazy\" decoding=\"async\" class=\"alignnone size-full wp-image-13207\" src=\"https:\/\/jorgezanoni.com.br\/2019\/wp-content\/uploads\/2019\/12\/Pesqueiro-Neves.jpg\" alt=\"\" width=\"1280\" height=\"721\" srcset=\"https:\/\/jorgezanoni.com.br\/2019\/wp-content\/uploads\/2019\/12\/Pesqueiro-Neves.jpg 1280w, https:\/\/jorgezanoni.com.br\/2019\/wp-content\/uploads\/2019\/12\/Pesqueiro-Neves-300x169.jpg 300w, https:\/\/jorgezanoni.com.br\/2019\/wp-content\/uploads\/2019\/12\/Pesqueiro-Neves-768x433.jpg 768w, https:\/\/jorgezanoni.com.br\/2019\/wp-content\/uploads\/2019\/12\/Pesqueiro-Neves-1024x577.jpg 1024w, https:\/\/jorgezanoni.com.br\/2019\/wp-content\/uploads\/2019\/12\/Pesqueiro-Neves-696x392.jpg 696w, https:\/\/jorgezanoni.com.br\/2019\/wp-content\/uploads\/2019\/12\/Pesqueiro-Neves-1068x602.jpg 1068w, https:\/\/jorgezanoni.com.br\/2019\/wp-content\/uploads\/2019\/12\/Pesqueiro-Neves-746x420.jpg 746w\" sizes=\"auto, (max-width: 1280px) 100vw, 1280px\" \/> <img loading=\"lazy\" decoding=\"async\" class=\"alignnone size-full wp-image-13208\" src=\"https:\/\/jorgezanoni.com.br\/2019\/wp-content\/uploads\/2019\/12\/Pesqueiro-Neves3.jpg\" alt=\"\" width=\"1280\" height=\"960\" srcset=\"https:\/\/jorgezanoni.com.br\/2019\/wp-content\/uploads\/2019\/12\/Pesqueiro-Neves3.jpg 1280w, https:\/\/jorgezanoni.com.br\/2019\/wp-content\/uploads\/2019\/12\/Pesqueiro-Neves3-300x225.jpg 300w, https:\/\/jorgezanoni.com.br\/2019\/wp-content\/uploads\/2019\/12\/Pesqueiro-Neves3-768x576.jpg 768w, https:\/\/jorgezanoni.com.br\/2019\/wp-content\/uploads\/2019\/12\/Pesqueiro-Neves3-1024x768.jpg 1024w, https:\/\/jorgezanoni.com.br\/2019\/wp-content\/uploads\/2019\/12\/Pesqueiro-Neves3-80x60.jpg 80w, https:\/\/jorgezanoni.com.br\/2019\/wp-content\/uploads\/2019\/12\/Pesqueiro-Neves3-265x198.jpg 265w, https:\/\/jorgezanoni.com.br\/2019\/wp-content\/uploads\/2019\/12\/Pesqueiro-Neves3-696x522.jpg 696w, https:\/\/jorgezanoni.com.br\/2019\/wp-content\/uploads\/2019\/12\/Pesqueiro-Neves3-1068x801.jpg 1068w, https:\/\/jorgezanoni.com.br\/2019\/wp-content\/uploads\/2019\/12\/Pesqueiro-Neves3-560x420.jpg 560w\" sizes=\"auto, (max-width: 1280px) 100vw, 1280px\" \/><\/p>\n<p style=\"text-align: justify;\">Pesqueiro Neves: Estrada Municipal Jos\u00e9 Mazzoni pr\u00f3ximo da AABB. Qualquer informa\u00e7\u00e3o entrar em contato atrav\u00e9s do Cel. 99642 2310<\/p>\n<p>&nbsp;<\/p>\n<p>&nbsp;<\/p>\n<p>&nbsp;<\/p>\n<p>&nbsp;<\/p>\n","protected":false},"excerpt":{"rendered":"<p>Esse voc\u00ea n\u00e3o pode perder. Domingo em dose dupla, mais uma novidade do Pesqueiro Neves. No domingo dia 15, o Pesqueiro Neves convida voc\u00ea e sua fam\u00edlia para um almo\u00e7o especial, top e de qualidade, com dois shows especiais. Na hora do almo\u00e7o Reginaldo Viola e em seguida \u00e0s 17:00 Horas, Jo\u00e3o Du Prado &amp; [&hellip;]<\/p>\n","protected":false},"author":1,"featured_media":13209,"comment_status":"closed","ping_status":"open","sticky":false,"template":"","format":"video","meta":{"footnotes":""},"categories":[172,114],"tags":[],"class_list":["post-13203","post","type-post","status-publish","format-video","has-post-thumbnail","hentry","category-agenda","category-geralecomercio","post_format-post-format-video"],"_links":{"self":[{"href":"https:\/\/jorgezanoni.com.br\/2019\/wp-json\/wp\/v2\/posts\/13203","targetHints":{"allow":["GET"]}}],"collection":[{"href":"https:\/\/jorgezanoni.com.br\/2019\/wp-json\/wp\/v2\/posts"}],"about":[{"href":"https:\/\/jorgezanoni.com.br\/2019\/wp-json\/wp\/v2\/types\/post"}],"author":[{"embeddable":true,"href":"https:\/\/jorgezanoni.com.br\/2019\/wp-json\/wp\/v2\/users\/1"}],"replies":[{"embeddable":true,"href":"https:\/\/jorgezanoni.com.br\/2019\/wp-json\/wp\/v2\/comments?post=13203"}],"version-history":[{"count":0,"href":"https:\/\/jorgezanoni.com.br\/2019\/wp-json\/wp\/v2\/posts\/13203\/revisions"}],"wp:featuredmedia":[{"embeddable":true,"href":"https:\/\/jorgezanoni.com.br\/2019\/wp-json\/wp\/v2\/media\/13209"}],"wp:attachment":[{"href":"https:\/\/jorgezanoni.com.br\/2019\/wp-json\/wp\/v2\/media?parent=13203"}],"wp:term":[{"taxonomy":"category","embeddable":true,"href":"https:\/\/jorgezanoni.com.br\/2019\/wp-json\/wp\/v2\/categories?post=13203"},{"taxonomy":"post_tag","embeddable":true,"href":"https:\/\/jorgezanoni.com.br\/2019\/wp-json\/wp\/v2\/tags?post=13203"}],"curies":[{"name":"wp","href":"https:\/\/api.w.org\/{rel}","templated":true}]}}