{"id":13154,"date":"2019-12-05T22:04:30","date_gmt":"2019-12-05T22:04:30","guid":{"rendered":"https:\/\/jorgezanoni.com.br\/2019\/?p=13154"},"modified":"2019-12-05T22:06:05","modified_gmt":"2019-12-05T22:06:05","slug":"unifadra-fundec-apresenta-a-nova-modalidade-de-cursos-da-ead-em-parceria-com-a-unitau","status":"publish","type":"post","link":"https:\/\/jorgezanoni.com.br\/2019\/unifadra-fundec-apresenta-a-nova-modalidade-de-cursos-da-ead-em-parceria-com-a-unitau\/","title":{"rendered":"UNIFADRA\/FUNDEC apresenta a nova modalidade de cursos  EAD em parceria com a Unitau"},"content":{"rendered":"<p style=\"text-align: justify;\">Na tarde desta quinta-feira (5), aconteceu nas depend\u00eancias da UNIFADRA\/FUNDEC, em coletiva de imprensa, a divulga\u00e7\u00e3o da parceria com a UNITAU que passar\u00e1 a contar com o EAD (Ensino a Dist\u00e2ncia). Falaram na oportunidade o Diretor Executivo da Fundec Edson Kai, o Diretor Acad\u00eamico da Unifadra Prof. \u00canio Garbelini e a Coordenadora do EAD\/Unifadra Rosana Trindade.<\/p>\n<div id=\"fb-root\"><\/div>\n<p><script async=\"1\" defer=\"1\" crossorigin=\"anonymous\" src=\"https:\/\/connect.facebook.net\/en_US\/sdk.js#xfbml=1&amp;version=v5.0\"><\/script><\/p>\n<div class=\"fb-video\" data-href=\"https:\/\/www.facebook.com\/jorgezanonidracena\/videos\/2811082425581693\/\" data-width=\"696\">\n<blockquote cite=\"https:\/\/www.facebook.com\/jorgezanonidracena\/videos\/2811082425581693\/\" class=\"fb-xfbml-parse-ignore\"><p><a href=\"https:\/\/www.facebook.com\/jorgezanonidracena\/videos\/2811082425581693\/\">UNIFADRA\/FUNDEC apresenta a nova modalidade de cursos da  EAD em parceria com a Unitau<\/a><\/p>\n<p>UNIFADRA\/FUNDEC apresenta a nova modalidade de cursos da  EAD em parceria com a Unitau<\/p>\n<p>Posted by <a href=\"https:\/\/www.facebook.com\/jorgezanonidracena\/\">Jorge Zanoni<\/a> on Thursday, December 5, 2019<\/p><\/blockquote>\n<\/div>\n<p style=\"text-align: justify;\">As inscri\u00e7\u00f5es para o vestibular dos cursos EAD da Unifadra podem ser feitas at\u00e9 o dia 16 de janeiro pelo site www.fundec.edu.br ou presencialmente na Fundec\/Unifadra na rua Bahia, 332 &#8211; bairro Metr\u00f3pole, em Dracena. Mais informa\u00e7\u00f5es atrav\u00e9s do fone (18) 3821 9004 ou centroinfo@fundec.edu.br<\/p>\n<p>&nbsp;<\/p>\n","protected":false},"excerpt":{"rendered":"<p>Na tarde desta quinta-feira (5), aconteceu nas depend\u00eancias da UNIFADRA\/FUNDEC, em coletiva de imprensa, a divulga\u00e7\u00e3o da parceria com a UNITAU que passar\u00e1 a contar com o EAD (Ensino a Dist\u00e2ncia). Falaram na oportunidade o Diretor Executivo da Fundec Edson Kai, o Diretor Acad\u00eamico da Unifadra Prof. \u00canio Garbelini e a Coordenadora do EAD\/Unifadra Rosana [&hellip;]<\/p>\n","protected":false},"author":1,"featured_media":13155,"comment_status":"closed","ping_status":"open","sticky":false,"template":"","format":"video","meta":{"footnotes":""},"categories":[169],"tags":[],"class_list":["post-13154","post","type-post","status-publish","format-video","has-post-thumbnail","hentry","category-videos","post_format-post-format-video"],"_links":{"self":[{"href":"https:\/\/jorgezanoni.com.br\/2019\/wp-json\/wp\/v2\/posts\/13154","targetHints":{"allow":["GET"]}}],"collection":[{"href":"https:\/\/jorgezanoni.com.br\/2019\/wp-json\/wp\/v2\/posts"}],"about":[{"href":"https:\/\/jorgezanoni.com.br\/2019\/wp-json\/wp\/v2\/types\/post"}],"author":[{"embeddable":true,"href":"https:\/\/jorgezanoni.com.br\/2019\/wp-json\/wp\/v2\/users\/1"}],"replies":[{"embeddable":true,"href":"https:\/\/jorgezanoni.com.br\/2019\/wp-json\/wp\/v2\/comments?post=13154"}],"version-history":[{"count":0,"href":"https:\/\/jorgezanoni.com.br\/2019\/wp-json\/wp\/v2\/posts\/13154\/revisions"}],"wp:featuredmedia":[{"embeddable":true,"href":"https:\/\/jorgezanoni.com.br\/2019\/wp-json\/wp\/v2\/media\/13155"}],"wp:attachment":[{"href":"https:\/\/jorgezanoni.com.br\/2019\/wp-json\/wp\/v2\/media?parent=13154"}],"wp:term":[{"taxonomy":"category","embeddable":true,"href":"https:\/\/jorgezanoni.com.br\/2019\/wp-json\/wp\/v2\/categories?post=13154"},{"taxonomy":"post_tag","embeddable":true,"href":"https:\/\/jorgezanoni.com.br\/2019\/wp-json\/wp\/v2\/tags?post=13154"}],"curies":[{"name":"wp","href":"https:\/\/api.w.org\/{rel}","templated":true}]}}