{"id":13147,"date":"2019-12-05T21:31:20","date_gmt":"2019-12-05T21:31:20","guid":{"rendered":"https:\/\/jorgezanoni.com.br\/2019\/?p=13147"},"modified":"2019-12-05T21:31:20","modified_gmt":"2019-12-05T21:31:20","slug":"autor-de-tentativa-de-golpe-na-cef-em-dracena-tem-prisao-preventiva-decretada-em-audiencia-de-custodia","status":"publish","type":"post","link":"https:\/\/jorgezanoni.com.br\/2019\/autor-de-tentativa-de-golpe-na-cef-em-dracena-tem-prisao-preventiva-decretada-em-audiencia-de-custodia\/","title":{"rendered":"Autor de tentativa de golpe na CEF em Dracena tem pris\u00e3o preventiva decretada em Audi\u00eancia de Cust\u00f3dia"},"content":{"rendered":"<p style=\"text-align: justify;\">AUTOR DE TENTATIVA DE GOLPE NA CEF EM DRACENA TEM PRIS\u00c3O PREVENTIVA DECRETADA EM AUDI\u00caNCIA DE CUST\u00d3DIA.<\/p>\n<p style=\"text-align: justify;\">No in\u00edcio da tarde de 04.12.2019, por volta de 13:30 horas , a ger\u00eancia da CEF \u2013 Caixa Econ\u00f4mica Federal, ag\u00eancia de Dracena, acionou a Pol\u00edcia Civil pois suspeitava que em suas depend\u00eancias encontrava-se um estelionat\u00e1rio tentando aplicar um golpe e sacar dinheiro que n\u00e3o lhe pertencia, para tanto, utilizando-se de documentos de outra pessoa.<br \/>\nL.A.A., de 38 anos, residente no estado de Goi\u00e1s onde \u00e9 atendente de farm\u00e1cia, inclusive com p\u00e1gina em rede social, utilizando-se de documento falso, uma c\u00e9dula de identidade tipo RG em nome de terceira pessoa, tentou sacar uma quantia em dinheiro oriundo do PIS da pessoa cujo nome estava nos seus documentos.<br \/>\nOcorre que houve a fundada suspeita por parte dos funcion\u00e1rios da ag\u00eancia que haviam recebido comunica\u00e7\u00e3o em dia anterior de tentativa do mesmo golpe em outra cidade da regi\u00e3o e conseguiram perceber que a identidade n\u00e3o representava a pessoa correntista. Acionada a rede interna de seguran\u00e7a da ag\u00eancia, esta imediatamente por interm\u00e9dio da ger\u00eancia local acionou a Pol\u00edcia Civil que em tempo muito, mas muito reduzido compareceu com diversos policiais civis e Delegados de Pol\u00edcia que prenderam em flagrante o autor dos delitos que se debatia para se livrar da seguran\u00e7a interna do banco, at\u00e9 mesmo com muita resist\u00eancia.<br \/>\nPreso, o homem que possu\u00eda diversos documentos com nomes diversos para usar em seus golpes, foi autuado em flagrante delito nas unidades agrupadas do 1\u00ba e 2\u00ba Distritos Policiais por tentativa de estelionato e associa\u00e7\u00e3o criminosa, pois tem outras pessoas a ele ligadas para estas a\u00e7\u00f5es criminosas, dada a complexidade dos atos preparat\u00f3rios. Consta que o autuado havia adquirido\/comprado tais documentos falsos. A Pol\u00edcia Civil apreendeu com ele, uma c\u00e9dula de identidade falsa e um telefone celular com o qual o autuado conversava com uma outra pessoa.<br \/>\nQuando descoberto na ag\u00eancia local da CEF, o homem buscou um caminho para fuga, por\u00e9m n\u00e3o contava com a equipe de seguran\u00e7a e nem com a r\u00e1pida a\u00e7\u00e3o da Pol\u00edcia Civil.<br \/>\nNa data de hoje, dia 05.12.2019, o autuado L.A.A. passou por Audi\u00eancia de Cust\u00f3dia no F\u00f3rum local, tendo a sua pris\u00e3o em flagrante, convertida para pris\u00e3o preventiva, sendo encaminhado ao C.D.P. da Penitenci\u00e1ria de Pacaembu, onde permanece agora \u00e0 disposi\u00e7\u00e3o da Justi\u00e7a, dando oportunidade \u00e0 policia civil investigativa de apurar e descobrir outros golpes do autor, ora preso.<br \/>\nA a\u00e7\u00e3o da Pol\u00edcia Civil ap\u00f3s ser acionada foi muito r\u00e1pida, mostrando efici\u00eancia e pronta resposta \u00e0 sociedade.<\/p>\n<p>Fonte: Com. Social Pol\u00edcia Civil<\/p>\n","protected":false},"excerpt":{"rendered":"<p>AUTOR DE TENTATIVA DE GOLPE NA CEF EM DRACENA TEM PRIS\u00c3O PREVENTIVA DECRETADA EM AUDI\u00caNCIA DE CUST\u00d3DIA. No in\u00edcio da tarde de 04.12.2019, por volta de 13:30 horas , a ger\u00eancia da CEF \u2013 Caixa Econ\u00f4mica Federal, ag\u00eancia de Dracena, acionou a Pol\u00edcia Civil pois suspeitava que em suas depend\u00eancias encontrava-se um estelionat\u00e1rio tentando aplicar [&hellip;]<\/p>\n","protected":false},"author":1,"featured_media":13148,"comment_status":"closed","ping_status":"open","sticky":false,"template":"","format":"standard","meta":{"footnotes":""},"categories":[110,2],"tags":[],"class_list":["post-13147","post","type-post","status-publish","format-standard","has-post-thumbnail","hentry","category-noticiasdestaque","category-policial"],"_links":{"self":[{"href":"https:\/\/jorgezanoni.com.br\/2019\/wp-json\/wp\/v2\/posts\/13147","targetHints":{"allow":["GET"]}}],"collection":[{"href":"https:\/\/jorgezanoni.com.br\/2019\/wp-json\/wp\/v2\/posts"}],"about":[{"href":"https:\/\/jorgezanoni.com.br\/2019\/wp-json\/wp\/v2\/types\/post"}],"author":[{"embeddable":true,"href":"https:\/\/jorgezanoni.com.br\/2019\/wp-json\/wp\/v2\/users\/1"}],"replies":[{"embeddable":true,"href":"https:\/\/jorgezanoni.com.br\/2019\/wp-json\/wp\/v2\/comments?post=13147"}],"version-history":[{"count":0,"href":"https:\/\/jorgezanoni.com.br\/2019\/wp-json\/wp\/v2\/posts\/13147\/revisions"}],"wp:featuredmedia":[{"embeddable":true,"href":"https:\/\/jorgezanoni.com.br\/2019\/wp-json\/wp\/v2\/media\/13148"}],"wp:attachment":[{"href":"https:\/\/jorgezanoni.com.br\/2019\/wp-json\/wp\/v2\/media?parent=13147"}],"wp:term":[{"taxonomy":"category","embeddable":true,"href":"https:\/\/jorgezanoni.com.br\/2019\/wp-json\/wp\/v2\/categories?post=13147"},{"taxonomy":"post_tag","embeddable":true,"href":"https:\/\/jorgezanoni.com.br\/2019\/wp-json\/wp\/v2\/tags?post=13147"}],"curies":[{"name":"wp","href":"https:\/\/api.w.org\/{rel}","templated":true}]}}