{"id":13097,"date":"2019-12-05T10:48:54","date_gmt":"2019-12-05T10:48:54","guid":{"rendered":"https:\/\/jorgezanoni.com.br\/2019\/?p=13097"},"modified":"2019-12-05T10:48:54","modified_gmt":"2019-12-05T10:48:54","slug":"corpo-do-dr-harolde-deponte-esta-sendo-velado-na-casa-do-medico","status":"publish","type":"post","link":"https:\/\/jorgezanoni.com.br\/2019\/corpo-do-dr-harolde-deponte-esta-sendo-velado-na-casa-do-medico\/","title":{"rendered":"Corpo do Dr. Harolde Deponte est\u00e1 sendo velado na Casa do M\u00e9dico"},"content":{"rendered":"<p style=\"text-align: justify;\">O Corpo do m\u00e9dico Dr. Haroldo Deponte, est\u00e1 sendo velado na Associa\u00e7\u00e3o Paulista de Medicina (Casa do M\u00e9dico) de Dracena.<\/p>\n<p style=\"text-align: justify;\">O Vel\u00f3rio acontece at\u00e9 as 12:00 Horas, onde ap\u00f3s, o F\u00e9retro seguir\u00e1 para a cidade de Marilia e ser\u00e1 velado no Vel\u00f3rio Municipal com sepultamento previsto para as 17:00 Horas naquela cidade.<\/p>\n<p style=\"text-align: justify;\">O Site JZ se solidariza com toda a fam\u00edlia e deixa o reconhecimento ao amigo grande m\u00e9dico e esportista.<\/p>\n<p style=\"text-align: justify;\">Jorge Zanoni<\/p>\n","protected":false},"excerpt":{"rendered":"<p>O Corpo do m\u00e9dico Dr. Haroldo Deponte, est\u00e1 sendo velado na Associa\u00e7\u00e3o Paulista de Medicina (Casa do M\u00e9dico) de Dracena. O Vel\u00f3rio acontece at\u00e9 as 12:00 Horas, onde ap\u00f3s, o F\u00e9retro seguir\u00e1 para a cidade de Marilia e ser\u00e1 velado no Vel\u00f3rio Municipal com sepultamento previsto para as 17:00 Horas naquela cidade. O Site JZ [&hellip;]<\/p>\n","protected":false},"author":1,"featured_media":13098,"comment_status":"closed","ping_status":"open","sticky":false,"template":"","format":"standard","meta":{"footnotes":""},"categories":[178,110],"tags":[],"class_list":["post-13097","post","type-post","status-publish","format-standard","has-post-thumbnail","hentry","category-notadefalecimento","category-noticiasdestaque"],"_links":{"self":[{"href":"https:\/\/jorgezanoni.com.br\/2019\/wp-json\/wp\/v2\/posts\/13097","targetHints":{"allow":["GET"]}}],"collection":[{"href":"https:\/\/jorgezanoni.com.br\/2019\/wp-json\/wp\/v2\/posts"}],"about":[{"href":"https:\/\/jorgezanoni.com.br\/2019\/wp-json\/wp\/v2\/types\/post"}],"author":[{"embeddable":true,"href":"https:\/\/jorgezanoni.com.br\/2019\/wp-json\/wp\/v2\/users\/1"}],"replies":[{"embeddable":true,"href":"https:\/\/jorgezanoni.com.br\/2019\/wp-json\/wp\/v2\/comments?post=13097"}],"version-history":[{"count":0,"href":"https:\/\/jorgezanoni.com.br\/2019\/wp-json\/wp\/v2\/posts\/13097\/revisions"}],"wp:featuredmedia":[{"embeddable":true,"href":"https:\/\/jorgezanoni.com.br\/2019\/wp-json\/wp\/v2\/media\/13098"}],"wp:attachment":[{"href":"https:\/\/jorgezanoni.com.br\/2019\/wp-json\/wp\/v2\/media?parent=13097"}],"wp:term":[{"taxonomy":"category","embeddable":true,"href":"https:\/\/jorgezanoni.com.br\/2019\/wp-json\/wp\/v2\/categories?post=13097"},{"taxonomy":"post_tag","embeddable":true,"href":"https:\/\/jorgezanoni.com.br\/2019\/wp-json\/wp\/v2\/tags?post=13097"}],"curies":[{"name":"wp","href":"https:\/\/api.w.org\/{rel}","templated":true}]}}